    {"id":17144,"date":"2025-12-05T07:54:00","date_gmt":"2025-12-05T07:54:00","guid":{"rendered":"https:\/\/innovation4world.com\/?p=17144"},"modified":"2025-11-29T00:51:42","modified_gmt":"2025-11-29T00:51:42","slug":"los-fenomenos-naturales-mas-extranos-registrados-en-los-ultimos-anos","status":"publish","type":"post","link":"http:\/\/innovation4world.com\/pt\/los-fenomenos-naturales-mas-extranos-registrados-en-los-ultimos-anos\/","title":{"rendered":"Os fen\u00f4menos naturais mais estranhos registrados nos \u00faltimos anos"},"content":{"rendered":"<p><em>Voc\u00ea j\u00e1 se perguntou quais segredos a Terra guarda que desafiam a l\u00f3gica?<\/em><\/p>\n\n\n\n<p><strong>Neste artigo, voc\u00ea descobrir\u00e1 um roteiro por lugares ao redor do mundo onde a natureza oferece um verdadeiro espet\u00e1culo.<\/strong><\/p>\n\n\n\n<p>Voc\u00ea ver\u00e1 de tudo, desde bolhas de metano congeladas em Banff e no \u00c1rtico Siberiano, at\u00e9 as Cataratas de Sangue na Geleira Taylor e as rochas deslizantes em Racetrack Playa, no Vale da Morte.<\/p>\n\n\n\n<p>Voc\u00ea tamb\u00e9m passar\u00e1 pelo lago \u00e1cido Kawah Ijen, pelo Monte Hillier rosa e pelos c\u00edrculos de fadas na Nam\u00edbia, al\u00e9m de cavernas de gelo em Vatnaj\u00f6kull e nuvens peroladas sobre o Reino Unido.<\/p>\n\n\n\n<p>Vou dar dicas pr\u00e1ticas para planejar visitas seguras. Voc\u00ea aprender\u00e1 que equipamentos levar, quando viajar e quais autoriza\u00e7\u00f5es s\u00e3o necess\u00e1rias.<\/p>\n\n\n\n<p><strong>No final, voc\u00ea ter\u00e1 um caminho claro para vivenciar esses momentos e compreender a ci\u00eancia por tr\u00e1s deles.<\/strong> Continue lendo para descobrir onde e como observ\u00e1-los com respeito e seguran\u00e7a.<\/p>\n\n\n\n<h2 class=\"wp-block-heading\">Introdu\u00e7\u00e3o: Por que fen\u00f4menos naturais curiosos te fascinam hoje?<\/h2>\n\n\n\n<p><em>Imagens de alta resolu\u00e7\u00e3o e aplicativos de previs\u00e3o tornaram poss\u00edveis maravilhas que antes pareciam distantes.<\/em><\/p>\n\n\n\n<p>A aurora boreal, as nuvens peroladas e as cavernas de gelo em Vatnaj\u00f6kull s\u00e3o exemplos claros disso. Gra\u00e7as \u00e0 fotografia e a plataformas como o LoveExploring, agora voc\u00ea pode planejar viagens com dados altamente precisos.<\/p>\n\n\n\n<p><strong>Por que voc\u00ea se sente atra\u00eddo por eles?<\/strong> Elas combinam beleza visual e curiosidade cient\u00edfica. V\u00ea-las ao vivo conecta voc\u00ea com o mundo. <em>planeta<\/em> De uma forma que uma fotografia sozinha n\u00e3o consegue alcan\u00e7ar.<\/p>\n\n\n\n<ul>\n<li>Previs\u00f5es e mapas mais precisos aumentam suas chances de presenciar o evento no momento exato em que ele acontece.<\/li>\n\n\n\n<li>Tecnologias acess\u00edveis \u2014 como c\u00e2meras e aplicativos \u2014 tornam a experi\u00eancia mais f\u00e1cil, mesmo que seja a sua primeira vez.<\/li>\n\n\n\n<li>Compreender a sua origem torna cada detalhe significativo e enriquece a observa\u00e7\u00e3o.<\/li>\n<\/ul>\n\n\n\n<p>Essas experi\u00eancias ensinam paci\u00eancia, respeito por ecossistemas fr\u00e1geis e conectam voc\u00ea com comunidades globais de observadores e fot\u00f3grafos.<\/p>\n\n\n\n<h2 class=\"wp-block-heading\">Bolhas de metano congeladas em lagos de gelo: discos brancos sob a superf\u00edcie.<\/h2>\n\n\n\n<p><em>Ao observar um lago congelado, \u00e9 poss\u00edvel encontrar um mosaico de c\u00edrculos brancos formados pelo g\u00e1s aprisionado.<\/em><\/p>\n\n\n\n<h3 class=\"wp-block-heading\">Onde v\u00ea-los<\/h3>\n\n\n\n<p>Voc\u00ea pode encontr\u00e1-los em diversos lagos no Parque Nacional de Banff, acess\u00edveis por estrada e muito fotog\u00eanicos.<\/p>\n\n\n\n<p>Eles tamb\u00e9m aparecem no Oceano \u00c1rtico Siberiano, embora as observa\u00e7\u00f5es nessa regi\u00e3o sejam geralmente remotas e de natureza cient\u00edfica.<\/p>\n\n\n\n<h3 class=\"wp-block-heading\">Como s\u00e3o formados?<\/h3>\n\n\n\n<p>Folhas, plantas e animais se decomp\u00f5em debaixo d&#039;\u00e1gua, e as bact\u00e9rias liberam gases que ficam presos quando a \u00e1gua congela.<\/p>\n\n\n\n<p>Camadas sucessivas de gelo encapsulam essas bolhas e criam discos brancos vis\u00edveis da superf\u00edcie.<\/p>\n\n\n\n<ul>\n<li><strong>Visibilidade:<\/strong> Melhor no inverno, com gelo limpo e sem neve.<\/li>\n\n\n\n<li><strong>Tamanhos:<\/strong> Estruturas com at\u00e9 900 metros de altura foram registradas na Sib\u00e9ria.<\/li>\n\n\n\n<li><strong>Seguran\u00e7a e fotografia:<\/strong> Respeite a espessura do gelo; use filtros polarizadores para reduzir os reflexos.<\/li>\n<\/ul>\n\n\n\n<p><strong>Conselho:<\/strong> Nunca perfure o gelo nem manipule a \u00e1rea; a observa\u00e7\u00e3o deve ser passiva e segura.<\/p>\n\n\n\n<h2 class=\"wp-block-heading\">Cachoeiras de Sangue na Ant\u00e1rtida: a geleira que \u201csangra\u201d \u00f3xidos<\/h2>\n\n\n\n<p><em>Um rio avermelhado rompe o gelo p\u00e1lido em um canto remoto da Ant\u00e1rtica.<\/em><\/p>\n\n\n\n<p>As chamadas Cataratas de Sangue surgem em <strong>geleira<\/strong> Taylor e alimenta o Lago Bonney com um fluxo tingido de ocre-avermelhado.<\/p>\n\n\n\n<p>A cor n\u00e3o vem de algas. \u00c9 <strong>\u00e1gua<\/strong> Altamente salina e rica em ferro, ela emerge de um lago subglacial. Ao entrar em contato com o ar, os compostos ferrosos oxidam, criando essa cor intensa.<\/p>\n\n\n\n<h3 class=\"wp-block-heading\">Acesso e condi\u00e7\u00f5es: log\u00edstica para o vale seco<\/h3>\n\n\n\n<p>Isto \u00e9 um <strong>lugar<\/strong> \u00c9 um local \u00fanico no planeta e o acesso \u00e9 restrito. S\u00f3 \u00e9 poss\u00edvel chegar l\u00e1 de helic\u00f3ptero a partir da Base McMurdo ou da Base Scott, ou de barco a partir do Mar de Ross.<\/p>\n\n\n\n<ul>\n<li>Planejamento, autoriza\u00e7\u00f5es e suporte t\u00e9cnico com operadores autorizados.<\/li>\n\n\n\n<li>Prepare-se para frio extremo, vento e terreno inst\u00e1vel.<\/li>\n\n\n\n<li>Use lentes teleobjetivas para documentar sem invadir \u00e1reas sens\u00edveis.<\/li>\n\n\n\n<li>Coordene com os programas ant\u00e1rticos para aumentar suas chances de visita.<\/li>\n<\/ul>\n\n\n\n<p>Se voc\u00ea for visitar, respeite as instru\u00e7\u00f5es do guia e evite se aproximar das fendas. Observar esse fen\u00f4meno em um dos <strong>lugares<\/strong> Explorar os lugares mais remotos do mundo \u00e9 uma experi\u00eancia \u00fanica, e a responsabilidade \u00e9 fundamental.<\/p>\n\n\n\n<h2 class=\"wp-block-heading\">Pedras rolantes do Vale da Morte: Trilhas em terreno seco<\/h2>\n\n\n\n<p><em>No Vale da Morte, grupos de pedras tra\u00e7am caminhos pelo leito de uma antiga praia.<\/em><\/p>\n\n\n\n<p>Em Racetrack Playa, as rochas, algumas delas com at\u00e9 <strong>300 kg<\/strong>Elas se deslocam e deixam sulcos vis\u00edveis por anos. Isso acontece quando... <strong>ch\u00e3o<\/strong> \u00c9 coberta por uma fina camada de \u00e1gua que congela \u00e0 noite.<\/p>\n\n\n\n<h3 class=\"wp-block-heading\">O que os motiva: gelo noturno, vento e lama.<\/h3>\n\n\n\n<p>O movimento \u00e9 poss\u00edvel gra\u00e7as a finas camadas de gelo que funcionam como patins. Com brisas leves, as rochas deslizam sobre a lama, criando rastros.<\/p>\n\n\n\n<h3 class=\"wp-block-heading\">Quando observar o fen\u00f4meno<\/h3>\n\n\n\n<p>Planeje sua visita para o inverno ou ap\u00f3s um per\u00edodo de chuvas. <strong>condi\u00e7\u00f5es<\/strong> A combina\u00e7\u00e3o ideal inclui noites frescas, po\u00e7as rasas e vento moderado.<\/p>\n\n\n\n<ul>\n<li>Rochas com base \u00e1spera marcam caminhos retos; as lisas, caminhos curvos.<\/li>\n\n\n\n<li>Sensores de GPS registraram empurr\u00f5es de 2 a 5 minutos e estudos de 2019 confirmaram o papel do gelo.<\/li>\n\n\n\n<li>Se voc\u00ea procura lugares menos lotados, considere Little Bonnie Claire, em Nevada \u2014 e confira relatos como o de... <a href=\"https:\/\/www.bbc.com\/mundo\/vert-tra-36968566\" target=\"_blank\" rel=\"nofollow noopener\">BBC Travel<\/a>.<\/li>\n<\/ul>\n\n\n\n<p><strong>Respeite a \u00e1rea:<\/strong> N\u00e3o pise nos sulcos nem mova pedras. Observe a partir das bordas e use uma lente teleobjetiva para documentar sem impactar o s\u00edtio arqueol\u00f3gico.<\/p>\n\n\n\n<h2 class=\"wp-block-heading\">Lago Kawah Ijen, Indon\u00e9sia: a \u00e1gua mais \u00e1cida e azul do planeta.<\/h2>\n\n\n\n<p><em>A subida at\u00e9 a cratera de Kawah Ijen coloca voc\u00ea diante de uma mistura espetacular de cores e perigos.<\/em><\/p>\n\n\n\n<figure class=\"wp-block-embed is-type-video is-provider-youtube wp-block-embed-youtube wp-embed-aspect-16-9 wp-has-aspect-ratio\"><div class=\"wp-block-embed__wrapper\">\n<iframe loading=\"lazy\" title=\"Catatumbo, um lugar cientificamente imposs\u00edvel que realmente existe.\" width=\"500\" height=\"281\" src=\"https:\/\/www.youtube.com\/embed\/PSNfxGw3N2Y?feature=oembed\" frameborder=\"0\" allow=\"accelerometer; autoplay; clipboard-write; encrypted-media; gyroscope; picture-in-picture; web-share\" referrerpolicy=\"strict-origin-when-cross-origin\" allowfullscreen><\/iframe>\n<\/div><\/figure>\n\n\n\n<p>No topo do vulc\u00e3o em Java h\u00e1 um <strong>lago<\/strong> Um lago turquesa com quase 1 km de largura. Sua tonalidade azul-turquesa prov\u00e9m da intera\u00e7\u00e3o entre gases sulfurosos e uma alta concentra\u00e7\u00e3o de metais dissolvidos.<\/p>\n\n\n\n<h3 class=\"wp-block-heading\">Enxofre, gases e cor: a combina\u00e7\u00e3o perfeita.<\/h3>\n\n\n\n<p>O <strong>treinamento<\/strong> As \u00e1guas do lago recebem emana\u00e7\u00f5es do magma. O pH \u00e9 em torno de 0,5, tornando o contato extremamente perigoso.<\/p>\n\n\n\n<p>Para v\u00ea-la pessoalmente, prepare-se para uma caminhada de tr\u00eas horas at\u00e9 a borda da cratera. Ir cedo melhora a luz e reduz a quantidade de pessoas, o que \u00e9 \u00f3timo para fotografar. <strong>cor<\/strong> Sem pressa.<\/p>\n\n\n\n<ul>\n<li>N\u00e3o se aproxime da borda sem orienta\u00e7\u00e3o; use m\u00e1scara se houver vapores.<\/li>\n\n\n\n<li>Leve uma lanterna de cabe\u00e7a para escaladas noturnas e verifique os alertas vulc\u00e2nicos.<\/li>\n\n\n\n<li>Mantenha-se hidratado, vista-se com roupas quentes e contrate guias locais que conhe\u00e7am as rotas e os ventos.<\/li>\n<\/ul>\n\n\n\n<p><strong>Respeite o local:<\/strong> Evite a \u00e1gua e n\u00e3o tente descer at\u00e9 o lago. A experi\u00eancia \u00e9 espetacular, mas a seguran\u00e7a deve ser sua prioridade.<\/p>\n\n\n\n<h2 class=\"wp-block-heading\">Praia dos Namorados nas Ilhas Marietas: uma &quot;cratera&quot; secreta \u00e0 beira-mar.<\/h2>\n\n\n\n<p><em>A Praia dos Namorados est\u00e1 escondida \u00e0 vista de todos e o acesso \u00e9 feito por uma passagem que liga ao mar.<\/em> Este local foi provavelmente criado por testes de bombas no in\u00edcio do s\u00e9culo XX e hoje \u00e9 uma enseada quase inacess\u00edvel.<\/p>\n\n\n\n<p>Para entrar, voc\u00ea precisa atravessar um t\u00fanel de aproximadamente <strong>24 metros<\/strong> que liga a praia ao oceano. A passagem s\u00f3 \u00e9 segura quando a mar\u00e9 e as ondas est\u00e3o calmas, portanto a visita depende do dia.<\/p>\n\n\n\n<ul>\n<li>Organize sua partida do <strong>cidade<\/strong> Partindo de Puerto Vallarta ou de Nayarit com um passeio autorizado.<\/li>\n\n\n\n<li>Respeite os turnos e as metas di\u00e1rias: \u00e9 uma <strong>lugar<\/strong> protegido e fr\u00e1gil.<\/li>\n\n\n\n<li>Use capacete leve e colete salva-vidas, se exigido pela operadora; verifique as condi\u00e7\u00f5es do mar antes de partir.<\/li>\n\n\n\n<li>Combine mergulho com snorkel em \u00e1guas cristalinas com tempo na praia; n\u00e3o tente chegar l\u00e1 por conta pr\u00f3pria a partir do <strong>costa<\/strong>.<\/li>\n<\/ul>\n\n\n\n<p><strong>Conselho final:<\/strong> Sempre pergunte se o t\u00fanel est\u00e1 aberto naquele dia. Isso ajuda a proteger a vida selvagem, a forma\u00e7\u00e3o rochosa e garante sua seguran\u00e7a em mar aberto.<\/p>\n\n\n\n<h2 class=\"wp-block-heading\">O lago Hillier, na Austr\u00e1lia, \u00e9 rosa: a cor que intriga os cientistas.<\/h2>\n\n\n\n<p><em>Sobrevoar a ilha revela um contraste marcante: um lago rosa rodeado por floresta e mar.<\/em><\/p>\n\n\n\n<p>Ele <strong>lago<\/strong> Hillier fica a cerca de 600 metros de <strong>largo<\/strong> em algumas \u00e1reas do Arquip\u00e9lago Recherche, na Austr\u00e1lia Ocidental. <strong>cor<\/strong> O rosa se destaca em meio ao verde e azul do oceano.<\/p>\n\n\n\n<p>As explica\u00e7\u00f5es incluem algas produtoras de beta-caroteno, arqueias halof\u00edlicas e a alta salinidade da \u00e1gua. Nenhuma hip\u00f3tese isolada predomina completamente, e isso mant\u00e9m o mist\u00e9rio vivo.<\/p>\n\n\n\n<h3 class=\"wp-block-heading\">Melhores perspectivas e seguran\u00e7a<\/h3>\n\n\n\n<p>A maioria das pessoas aprecia Hillier do ar. Um sobrevoo permite que voc\u00ea veja o <strong>forma<\/strong> do espelho rosa e sua rela\u00e7\u00e3o com as dunas e a costa.<\/p>\n\n\n\n<p>A \u00e1gua n\u00e3o \u00e9 t\u00f3xica, mas \u00e9 muito salgada. Siga as orienta\u00e7\u00f5es locais sobre acesso e atividades. Reserve voos partindo de cidades pr\u00f3ximas e compare as companhias a\u00e9reas para escolher a melhor rota.<\/p>\n\n\n\n<ul>\n<li><strong>Dica de fotografia:<\/strong> Use filtros para evitar a superexposi\u00e7\u00e3o da cor rosa.<\/li>\n\n\n\n<li><strong>Clima:<\/strong> C\u00e9us limpos intensificam a satura\u00e7\u00e3o das cores.<\/li>\n\n\n\n<li><strong>Eu respeito:<\/strong> Siga as diretrizes de conserva\u00e7\u00e3o para proteger esta \u00e1rea. <strong>beleza<\/strong> \u00fanico no <strong>mundo<\/strong>.<\/li>\n<\/ul>\n\n\n\n<h2 class=\"wp-block-heading\">C\u00edrculos de fadas na Nam\u00edbia: padr\u00f5es semelhantes a favos de mel no ch\u00e3o<\/h2>\n\n\n\n<p><em>Milh\u00f5es<\/em> Esses discos sem vegeta\u00e7\u00e3o cobrem faixas da estepe, variando de 2 a 15 metros de di\u00e2metro, e se estendem por quase 2.500 km.<\/p>\n\n\n\n<p>O <strong>treinamento<\/strong> A causa desses c\u00edrculos ainda \u00e9 objeto de debate. As hip\u00f3teses incluem solos contaminados, toxinas liberadas por plantas, atividade de cupins de areia e competi\u00e7\u00e3o por \u00e1gua entre a vegeta\u00e7\u00e3o.<\/p>\n\n\n\n<p>O <strong>cientistas<\/strong> Eles analisam a distribui\u00e7\u00e3o, o tamanho e a varia\u00e7\u00e3o para compreender sua origem. Os estudos comparam padr\u00f5es e amostras de <strong>ch\u00e3o<\/strong> buscar pistas sobre processos ecol\u00f3gicos e f\u00edsicos.<\/p>\n\n\n\n<ul>\n<li>A melhor maneira de apreciar o padr\u00e3o na paisagem \u00e9 a partir de mirantes ou em voos panor\u00e2micos. <strong>terra<\/strong>.<\/li>\n\n\n\n<li>A baixa luminosidade ao amanhecer ou ao entardecer real\u00e7a o relevo de cada disco; use um filtro polarizador se for viajar de avi\u00e3o.<\/li>\n\n\n\n<li>Evite pisar nas \u00e1reas sens\u00edveis; os c\u00edrculos s\u00e3o fr\u00e1geis e se danificam facilmente.<\/li>\n\n\n\n<li>Leve um GPS e um guia local: \u00e9 f\u00e1cil se perder em vastos campos.<\/li>\n<\/ul>\n\n\n\n<p>Combine a visita com um saf\u00e1ri nas proximidades, respeitando as restri\u00e7\u00f5es e as comunidades locais. Dessa forma, voc\u00ea poder\u00e1 desfrutar da paisagem e contribuir para a sua conserva\u00e7\u00e3o.<\/p>\n\n\n\n<h2 class=\"wp-block-heading\">Auroras boreais: Part\u00edculas solares, luz e um espet\u00e1culo polar<\/h2>\n\n\n\n<p><em>Em noites claras, a intera\u00e7\u00e3o entre o Sol e o campo magn\u00e9tico da Terra transforma o c\u00e9u num espet\u00e1culo vibrante.<\/em> A aurora boreal nasce quando milh\u00f5es de part\u00edculas carregadas provenientes do Sol colidem com gases na atmosfera, liberando energia solar. <strong>luz<\/strong> em listras e cortinas.<\/p>\n\n\n\n<p>\u00c9 frequentemente observado em pa\u00edses como Isl\u00e2ndia, Noruega e Canad\u00e1. Tamb\u00e9m pode ser visto do espa\u00e7o, confirmando sua escala e impacto visual.<\/p>\n\n\n\n<h3 class=\"wp-block-heading\">Pa\u00edses e \u00e9pocas ideais para observar a aurora boreal<\/h3>\n\n\n\n<p>Priorize destinos com noites longas: do outono \u00e0 primavera, com picos em torno dos equin\u00f3cios. Consulte o \u00edndice Kp e a previs\u00e3o do tempo. <strong>nuvens<\/strong> para escolher o melhor <strong>horas<\/strong>.<\/p>\n\n\n\n<ul>\n<li>Fique longe do <strong>cidade<\/strong> e procure a borda de um <strong>lago<\/strong> para capturar reflexos.<\/li>\n\n\n\n<li>Prepare roupas t\u00e9rmicas, crampons e uma garrafa t\u00e9rmica; \u00e0s vezes voc\u00ea ter\u00e1 que esperar horas.<\/li>\n\n\n\n<li>Use aplicativos de alerta em tempo real e reserve com anteced\u00eancia: milh\u00f5es de pessoas viajam por esse motivo.<\/li>\n\n\n\n<li>Use um trip\u00e9; fotografe com ISO alto, abertura ampla e exposi\u00e7\u00f5es de v\u00e1rios segundos.<\/li>\n<\/ul>\n\n\n\n<p><strong>Conselho final:<\/strong> Evite luzes brancas e use um farol vermelho. A paci\u00eancia costuma ser recompensada quando o espet\u00e1culo come\u00e7a justamente quando voc\u00ea est\u00e1 saindo.<\/p>\n\n\n\n<h2 class=\"wp-block-heading\">Nuvens peroladas e lenticulares: cor e forma no ar frio<\/h2>\n\n\n\n<p><em>Se voc\u00ea olhar para o horizonte nos momentos certos, poder\u00e1 ver nuvens que brilham como p\u00e9rolas \u00e0 luz do sol.<\/em><\/p>\n\n\n\n<p>Em dezembro de 2023, <strong>nuvens<\/strong> Nuvens peroladas surpreenderam os moradores da Inglaterra e da Esc\u00f3cia. Elas se formam na estratosfera, a uma altitude de cerca de 20 km, quando... <strong>ar<\/strong> Atinge temperaturas pr\u00f3ximas a -80 \u00b0C. Os cristais de gelo difratam a luz e geram um <strong>cor<\/strong> intensa, que dura v\u00e1rios minutos.<\/p>\n\n\n\n<p>Nuvens lenticulares surgem sobre Nice, na Riviera Francesa. O vento, ao colidir com as montanhas \u00famidas, cria ondula\u00e7\u00f5es na troposfera. Esses &quot;pires&quot; parecem est\u00e1ticos e s\u00e3o ideais para fot\u00f3grafos devido \u00e0 sua silhueta perfeita.<\/p>\n\n\n\n<ul>\n<li><strong>Observar<\/strong> nas horas pr\u00f3ximas ao amanhecer ou ao entardecer.<\/li>\n\n\n\n<li>Do <strong>cidade<\/strong> Olhe para o oeste ou para o horizonte oposto ao sol para capturar as tonalidades.<\/li>\n\n\n\n<li>Antecipe o <strong>cara<\/strong> Nuvem: perolada em altitudes elevadas, lenticular em \u00e1reas orogr\u00e1ficas.<\/li>\n\n\n\n<li>A paci\u00eancia ajuda: estes <strong>fen\u00f4menos<\/strong> As condi\u00e7\u00f5es meteorol\u00f3gicas mudam em minutos; acompanhe os alertas locais.<\/li>\n<\/ul>\n\n\n\n<p><strong>Dica de fotografia:<\/strong> Use uma teleobjetiva e controle a exposi\u00e7\u00e3o para evitar a superexposi\u00e7\u00e3o das cores. Vista-se com roupas quentes: voc\u00ea passar\u00e1 um tempo parado, esperando o momento perfeito.<\/p>\n\n\n\n<h2 class=\"wp-block-heading\">Cavernas de gelo em Vatnaj\u00f6kull: esculturas ef\u00eameras dentro da geleira.<\/h2>\n\n\n\n<p><em>Sob a camada azul da geleira, escondem-se cavernas que se transformam a cada inverno.<\/em> Essas galerias se formam quando a \u00e1gua do degelo flui por t\u00faneis e esculpe paredes de vidro que duram apenas uma esta\u00e7\u00e3o.<\/p>\n\n\n\n<p>Se voc\u00ea planeja visit\u00e1-los, <strong>reserva<\/strong> Um passeio com guias certificados: avalia\u00e7\u00f5es de seguran\u00e7a s\u00e3o realizadas diariamente e as condi\u00e7\u00f5es mudam rapidamente.<\/p>\n\n\n\n<p>A cor azul intensa prov\u00e9m de gelo muito compacto e sem bolhas. <strong>ar<\/strong>, que cria transpar\u00eancias \u00fanicas para fotografia.<\/p>\n\n\n\n<ul>\n<li><strong>Temporada:<\/strong> inverno, quando a estabilidade da geleira facilita o acesso.<\/li>\n\n\n\n<li><strong>Equipamento:<\/strong> Capacete, crampons e, dependendo da caverna, arn\u00eas; nunca entre sozinho.<\/li>\n\n\n\n<li><strong>Cuidado:<\/strong> Mantenha dist\u00e2ncia de telhados e arcos; o calor do dia pode torn\u00e1-los inst\u00e1veis.<\/li>\n\n\n\n<li><strong>Fotografia:<\/strong> Use um trip\u00e9 e lentes r\u00e1pidas; procure luz natural proveniente de bocas de p\u00e1ssaros e po\u00e7os.<\/li>\n<\/ul>\n\n\n\n<p>Lembre-se de que algumas cavernas se conectam a canais por onde antes corria \u00e1gua. <strong>lago<\/strong> Subglacial durante per\u00edodos de degelo. Consulte a previs\u00e3o do tempo antes de partir e respeite o cronograma do grupo: a seguran\u00e7a depende de permanecer nas \u00e1reas designadas.<\/p>\n\n\n\n<p><strong>Conselho final:<\/strong> Desfrute da visita com respeito e siga sempre as instru\u00e7\u00f5es do seu guia para que a experi\u00eancia seja segura e inesquec\u00edvel.<\/p>\n\n\n\n<h2 class=\"wp-block-heading\">Rel\u00e2mpagos vulc\u00e2nicos: quando as cinzas carregam o c\u00e9u com eletricidade.<\/h2>\n\n\n\n<p><em>Quando um vulc\u00e3o entra em erup\u00e7\u00e3o, o c\u00e9u pode se transformar em uma tela eletrificada por descargas inesperadas.<\/em><\/p>\n\n\n\n<p>Os rel\u00e2mpagos vulc\u00e2nicos aparecem quando <strong>part\u00edculas<\/strong> de cinzas e <strong>g\u00e1s<\/strong> Eles ficam eletricamente carregados dentro do <strong>nuvens<\/strong> eruptivo. Essa separa\u00e7\u00e3o de cargas gera flashes que iluminam a coluna de fuma\u00e7a.<\/p>\n\n\n\n<p>Casos recentes como Cumbre Vieja (2021) e Eyjafjallaj\u00f6kull (2010) mostraram o quanto essas observa\u00e7\u00f5es contribuem.<\/p>\n\n\n\n<h3 class=\"wp-block-heading\">De Cumbre Vieja a Eyjafjallaj\u00f6kull: casos recentes<\/h3>\n\n\n\n<p>O <strong>cientistas<\/strong> Eles utilizam sensoriamento remoto e dados de campo para estudar esses vazamentos. Compreend\u00ea-los ajuda a avaliar riscos e aprimorar os alertas.<\/p>\n\n\n\n<ul>\n<li>Mantenha uma dist\u00e2ncia segura e siga as recomenda\u00e7\u00f5es oficiais.<\/li>\n\n\n\n<li>Use m\u00e1scara e prote\u00e7\u00e3o para os olhos para evitar o uso de part\u00edculas finas.<\/li>\n\n\n\n<li>Proteja sua c\u00e2mera com uma capa; a cinza \u00e9 abrasiva e condutora.<\/li>\n\n\n\n<li>Para fotos: alta velocidade para &quot;congelar&quot; os rel\u00e2mpagos; um trip\u00e9 est\u00e1vel para fotos noturnas.<\/li>\n<\/ul>\n\n\n\n<h2 class=\"wp-block-heading\">Cratera de g\u00e1s de Darvaza: os Port\u00f5es do Inferno que nunca se fecham<\/h2>\n\n\n\n<p><em>No cora\u00e7\u00e3o de Karakum existe uma cratera que arde com um brilho eterno e deixa voc\u00ea sem f\u00f4lego.<\/em> O local, chamado Darvaza, apresenta um brilho alaranjado alimentado por <strong>g\u00e1s<\/strong> que est\u00e1 em chamas desde a d\u00e9cada de 1970.<\/p>\n\n\n\n<p>A boca atinge pelo menos 20 <strong>metros<\/strong> \u00c9 profundo e seu calor obriga voc\u00ea a manter dist\u00e2ncia. Voc\u00ea ver\u00e1 um fogo cont\u00ednuo que leva <strong>anos<\/strong> Transformando a paisagem e atraindo a aten\u00e7\u00e3o de viajantes e cientistas.<\/p>\n\n\n\n<p>\u00c9 um <strong>doido<\/strong> \u00danico: em parte acidente industrial, em parte atra\u00e7\u00e3o para aventureiros. Para visitar, verifique as autoriza\u00e7\u00f5es necess\u00e1rias e providencie transporte em ve\u00edculo 4x4; as trilhas no deserto exigem um ve\u00edculo adequado.<\/p>\n\n\n\n<p>\u00c0 noite, tire fotos ao entardecer para capturar o contraste entre o c\u00e9u e o brilho da cratera. Leve \u00e1gua, chap\u00e9u e prote\u00e7\u00e3o contra areia. Use uma lanterna de cabe\u00e7a e mantenha-se afastado das bordas inst\u00e1veis.<\/p>\n\n\n\n<ul>\n<li>Siga as rotas indicadas pelos guias locais e respeite as cercas.<\/li>\n\n\n\n<li>Evite caminhar perto da borda: o ch\u00e3o pode desabar.<\/li>\n\n\n\n<li>Planeje sua log\u00edstica: grande varia\u00e7\u00e3o de temperatura entre o dia e a noite e possibilidade de vento.<\/li>\n<\/ul>\n\n\n\n<h2 class=\"wp-block-heading\">Piroc\u00famulos e Cintur\u00e3o de V\u00eanus: fogo e cor na mesma atmosfera.<\/h2>\n\n\n\n<p><em>No c\u00e9u, colunas de fuma\u00e7a crepitantes podem coincidir com um arco rosado que pinta o crep\u00fasculo.<\/em> O <strong>combina\u00e7\u00e3o<\/strong> O calor e a luz extremos criam uma cena deslumbrante que pode ser observada a uma dist\u00e2ncia segura.<\/p>\n\n\n\n<h3 class=\"wp-block-heading\">Inc\u00eandios, convec\u00e7\u00e3o e intensa forma\u00e7\u00e3o de nuvens<\/h3>\n\n\n\n<p>As nuvens pirocumulus se formam quando o calor aumenta. <strong>ar<\/strong> carregado de molhado <strong>part\u00edculas<\/strong>Essa ascens\u00e3o gera nuvens com significativo desenvolvimento vertical.<\/p>\n\n\n\n<p>Em 2020, os inc\u00eandios florestais australianos formaram seus pr\u00f3prios sistemas de tempestades; essas nuvens chegaram a produzir... <strong>raio<\/strong>Ventos fortes e queda de cinzas.<\/p>\n\n\n\n<p>Em \u00e1reas vulc\u00e2nicas, como quando a lava cai sobre <strong>mar<\/strong> No Hava\u00ed, o vapor e os minerais alimentam colunas convectivas vis\u00edveis a grande dist\u00e2ncia.<\/p>\n\n\n\n<h3 class=\"wp-block-heading\">O arco rosado do crep\u00fasculo: retrodispers\u00e3o e beleza<\/h3>\n\n\n\n<p>O Cintur\u00e3o de V\u00eanus aparece em frente ao <strong>sol<\/strong> ao entardecer. \u00c9 um halo rosa sobre a sombra do <strong>terra<\/strong>, causada pela retrodispers\u00e3o da luz na atmosfera.<\/p>\n\n\n\n<p>Para observ\u00e1-la, procure horizontes desobstru\u00eddos e o m\u00ednimo de polui\u00e7\u00e3o luminosa. Dias est\u00e1veis e secos real\u00e7am a cor; muita neblina a atenua.<\/p>\n\n\n\n<ul>\n<li><strong>Seguran\u00e7a:<\/strong> Mantenha dist\u00e2ncia de fogueiras e vulc\u00f5es e siga os per\u00edmetros oficiais.<\/li>\n\n\n\n<li><strong>Foto:<\/strong> Use uma lente grande angular e um balan\u00e7o de branco quente para capturar o arco rosa.<\/li>\n\n\n\n<li><strong>Preven\u00e7\u00e3o:<\/strong> Evite fuma\u00e7a densa; proteja suas vias respirat\u00f3rias e seus olhos.<\/li>\n<\/ul>\n\n\n\n<p><strong>Conselho final:<\/strong> Compreender o papel das part\u00edculas em suspens\u00e3o ajudar\u00e1 voc\u00ea a prever a intensidade da <strong>mostrar<\/strong>Observe de locais seguros e desfrute com respeito.<\/p>\n\n\n\n<h2 class=\"wp-block-heading\">C\u00edrculos de gelo em rios: redemoinhos perfeitos esculpidos pela \u00e1gua.<\/h2>\n\n\n\n<p><em>Em rios largos, a correnteza e o frio criam discos girat\u00f3rios que parecem trabalhos de precis\u00e3o.<\/em> Ele <strong>\u00e1gua<\/strong> Ela arrasta as placas e gera um v\u00f3rtice que as aprisiona, polindo o contorno at\u00e9 que... <strong>forma<\/strong> Quase perfeito.<\/p>\n\n\n\n<figure class=\"wp-block-image aligncenter\"><img loading=\"lazy\" decoding=\"async\" width=\"960\" height=\"768\" src=\"https:\/\/innovation4world.com\/wp-content\/uploads\/sites\/76\/2025\/12\/circulos-de-hielo-rio.jpeg\" alt=\"c\u00edrculos de hielo r\u00edo\" class=\"wp-image-17146\" title=\"c\u00edrculos de gelo do rio\" srcset=\"http:\/\/innovation4world.com\/wp-content\/uploads\/sites\/76\/2025\/12\/circulos-de-hielo-rio.jpeg 960w, http:\/\/innovation4world.com\/wp-content\/uploads\/sites\/76\/2025\/12\/circulos-de-hielo-rio-300x240.jpeg 300w, http:\/\/innovation4world.com\/wp-content\/uploads\/sites\/76\/2025\/12\/circulos-de-hielo-rio-768x614.jpeg 768w, http:\/\/innovation4world.com\/wp-content\/uploads\/sites\/76\/2025\/12\/circulos-de-hielo-rio-15x12.jpeg 15w\" sizes=\"(max-width: 960px) 100vw, 960px\" \/><\/figure>\n\n\n\n<p class=\"has-text-align-center\"><\/p>\n\n\n\n<p>Esses c\u00edrculos podem alcan\u00e7ar dezenas de <strong>metros<\/strong> com di\u00e2metro e foram documentadas nos rios V\u00edstula, Connecticut e Lena. A combina\u00e7\u00e3o de degelo parcial e varia\u00e7\u00f5es di\u00e1rias mant\u00e9m o giro ativo e define o <strong>superf\u00edcie<\/strong> Anel liso.<\/p>\n\n\n\n<p>O <strong>rochas<\/strong> e o <strong>pedras<\/strong> No leito do rio, elas ajudam a moldar a borda, reduzindo o atrito e deixando-a lisa. Observe de pontes ou da margem do rio; nunca caminhe sobre o gelo inst\u00e1vel do rio.<\/p>\n\n\n\n<ul>\n<li><strong>Melhor momento:<\/strong> Manh\u00e3s frias com meio-dias amenos.<\/li>\n\n\n\n<li><strong>Foto:<\/strong> Use velocidades baixas para mostrar a rota\u00e7\u00e3o ou velocidades altas para congelar os detalhes.<\/li>\n\n\n\n<li><strong>Seguran\u00e7a:<\/strong> Leve crampons, uma bengala e um plano de fuga; consulte f\u00f3runs locais antes de partir.<\/li>\n<\/ul>\n\n\n\n<h2 class=\"wp-block-heading\">Fen\u00f4menos naturais curiosos em perspectiva: mapa, hor\u00e1rios e seguran\u00e7a<\/h2>\n\n\n\n<p><em>Planejar bem sua rota aumenta as chances de ver todas as maravilhas e reduz os riscos.<\/em><\/p>\n\n\n\n<h3 class=\"wp-block-heading\">Melhor hor\u00e1rio e per\u00edodo dependendo do tipo<\/h3>\n\n\n\n<p>Desenhe um mapa atrav\u00e9s de <strong>pa\u00edses<\/strong> e priorize as esta\u00e7\u00f5es do ano: auroras boreais em noites longas (Isl\u00e2ndia, Noruega, Canad\u00e1); cavernas de gelo e pedras rolantes no meio do inverno; praias secretas quando a mar\u00e9 permite.<\/p>\n\n\n\n<p>Quanto a <strong>horas<\/strong>Procure por auroras boreais \u00e0 meia-noite, nuvens peroladas ao amanhecer\/p\u00f4r do sol e c\u00edrculos de gelo em manh\u00e3s frias.<\/p>\n\n\n\n<h3 class=\"wp-block-heading\">Condi\u00e7\u00f5es, seguran\u00e7a e recomenda\u00e7\u00f5es<\/h3>\n\n\n\n<p>Confira o <strong>condi\u00e7\u00f5es<\/strong> Todos os dias: o vento, a cobertura de nuvens, a temperatura e as condi\u00e7\u00f5es do terreno alteram seus planos. Se voc\u00ea estiver viajando para <strong>Vale da Morte<\/strong>, confirma o acesso e as previs\u00f5es de chuva que podem fechar as pistas.<\/p>\n\n\n\n<ul>\n<li>Reserve passeios com guias quando o local exigir (Ant\u00e1rtica, cavernas de gelo, Darvaza).<\/li>\n\n\n\n<li>Pense como uma pessoa respons\u00e1vel: n\u00e3o deixe rastros, n\u00e3o mova pedras nem pise em sulcos.<\/li>\n\n\n\n<li>Identifique o <strong>cara<\/strong> Para ajustar o equipamento: trip\u00e9 para auroras boreais, capacete e crampons para gelo, m\u00e1scara contra cinzas.<\/li>\n\n\n\n<li>Otimize seu tempo: evite sobrecarregar seus dias e tenha um plano B (museus, fontes termais, atra\u00e7\u00f5es pr\u00f3ximas) caso o tempo n\u00e3o esteja bom.<\/li>\n\n\n\n<li>Compartilhe suas fotos indicando a localiza\u00e7\u00e3o e respeitando as normas para drones e as \u00e1reas protegidas.<\/li>\n<\/ul>\n\n\n\n<h2 class=\"wp-block-heading\">Conclus\u00e3o<\/h2>\n\n\n\n<p><em>Voc\u00ea recebe um guia pr\u00e1tico.<\/em> para procurar o <strong>beleza<\/strong> que revelam o <strong>fen\u00f4menos naturais<\/strong> do planeta. Planeje com calma, use a ci\u00eancia para interpretar o c\u00e9u, o gelo e o fogo, e prepare seu equipamento antes de partir.<\/p>\n\n\n\n<p>Combine curiosidade e respeito: \u00e9 assim que voc\u00ea protege o <strong>terra<\/strong> e voc\u00ea permite que outros tamb\u00e9m desfrutem do mesmo espet\u00e1culo. <strong>planejamento<\/strong> E a paci\u00eancia faz a diferen\u00e7a entre &quot;quase&quot; e &quot;eu vi&quot;.<\/p>\n\n\n\n<p>Ele <strong>mundo<\/strong> As coisas mudam, e o que \u00e9 estranho hoje pode ser comum amanh\u00e3. Inspire outras pessoas com narrativas respons\u00e1veis e continue explorando: a pr\u00f3xima surpresa pode estar mais perto do que voc\u00ea imagina.<\/p>","protected":false},"excerpt":{"rendered":"<p>\u00bfTe has preguntado alguna vez qu\u00e9 secretos guarda la Tierra que desaf\u00edan la l\u00f3gica? En este art\u00edculo descubrir\u00e1s un recorrido por lugares del mundo donde la naturaleza arma un verdadero espect\u00e1culo. Ver\u00e1s desde burbujas de metano congeladas en Banff y el \u00c1rtico siberiano, hasta la Catarata de Sangre en el glaciar Taylor y las piedras [&hellip;]<\/p>","protected":false},"author":50,"featured_media":17145,"comment_status":"closed","ping_status":"open","sticky":false,"template":"","format":"standard","meta":{"footnotes":""},"categories":[763],"tags":[1215,1219,1222,1216,1217,1214,1218,1220,1221],"yoast_head":"<!-- This site is optimized with the Yoast SEO Premium plugin v18.7 (Yoast SEO v23.3) - https:\/\/yoast.com\/wordpress\/plugins\/seo\/ -->\n<title>Los fen\u00f3menos naturales m\u00e1s extra\u00f1os registrados en los \u00faltimos a\u00f1os<\/title>\n<meta name=\"description\" content=\"Descubre los fen\u00f3menos naturales curiosos que han sorprendido al mundo en los \u00faltimos a\u00f1os. Una lista de los eventos m\u00e1s asombrosos.\" \/>\n<meta name=\"robots\" content=\"index, follow, max-snippet:-1, max-image-preview:large, max-video-preview:-1\" \/>\n<link rel=\"canonical\" href=\"http:\/\/innovation4world.com\/pt\/los-fenomenos-naturales-mas-extranos-registrados-en-los-ultimos-anos\/\" \/>\n<meta property=\"og:locale\" content=\"pt_BR\" \/>\n<meta property=\"og:type\" content=\"article\" \/>\n<meta property=\"og:title\" content=\"Los fen\u00f3menos naturales m\u00e1s extra\u00f1os registrados en los \u00faltimos a\u00f1os\" \/>\n<meta property=\"og:description\" content=\"Descubre los fen\u00f3menos naturales curiosos que han sorprendido al mundo en los \u00faltimos a\u00f1os. Una lista de los eventos m\u00e1s asombrosos.\" \/>\n<meta property=\"og:url\" content=\"http:\/\/innovation4world.com\/pt\/los-fenomenos-naturales-mas-extranos-registrados-en-los-ultimos-anos\/\" \/>\n<meta property=\"og:site_name\" content=\"innovation4world\" \/>\n<meta property=\"article:published_time\" content=\"2025-12-05T07:54:00+00:00\" \/>\n<meta property=\"article:modified_time\" content=\"2025-11-29T00:51:42+00:00\" \/>\n<meta property=\"og:image\" content=\"http:\/\/innovation4world.com\/wp-content\/uploads\/sites\/76\/2025\/12\/fenomenos-naturales-curiosos.jpeg\" \/>\n\t<meta property=\"og:image:width\" content=\"960\" \/>\n\t<meta property=\"og:image:height\" content=\"768\" \/>\n\t<meta property=\"og:image:type\" content=\"image\/jpeg\" \/>\n<meta name=\"author\" content=\"Publishing Team\" \/>\n<meta name=\"twitter:card\" content=\"summary_large_image\" \/>\n<meta name=\"twitter:label1\" content=\"Written by\" \/>\n\t<meta name=\"twitter:data1\" content=\"Publishing Team\" \/>\n\t<meta name=\"twitter:label2\" content=\"Est. reading time\" \/>\n\t<meta name=\"twitter:data2\" content=\"15 minutos\" \/>\n<script type=\"application\/ld+json\" class=\"yoast-schema-graph\">{\"@context\":\"https:\/\/schema.org\",\"@graph\":[{\"@type\":\"Article\",\"@id\":\"http:\/\/innovation4world.com\/los-fenomenos-naturales-mas-extranos-registrados-en-los-ultimos-anos\/#article\",\"isPartOf\":{\"@id\":\"http:\/\/innovation4world.com\/los-fenomenos-naturales-mas-extranos-registrados-en-los-ultimos-anos\/\"},\"author\":{\"name\":\"Publishing Team\",\"@id\":\"https:\/\/innovation4world.com\/en\/#\/schema\/person\/00089a223ef6bc638e65578e97bf669d\"},\"headline\":\"Los fen\u00f3menos naturales m\u00e1s extra\u00f1os registrados en los \u00faltimos a\u00f1os\",\"datePublished\":\"2025-12-05T07:54:00+00:00\",\"dateModified\":\"2025-11-29T00:51:42+00:00\",\"mainEntityOfPage\":{\"@id\":\"http:\/\/innovation4world.com\/los-fenomenos-naturales-mas-extranos-registrados-en-los-ultimos-anos\/\"},\"wordCount\":3374,\"publisher\":{\"@id\":\"https:\/\/innovation4world.com\/en\/#organization\"},\"image\":{\"@id\":\"http:\/\/innovation4world.com\/los-fenomenos-naturales-mas-extranos-registrados-en-los-ultimos-anos\/#primaryimage\"},\"thumbnailUrl\":\"http:\/\/innovation4world.com\/wp-content\/uploads\/sites\/76\/2025\/12\/fenomenos-naturales-curiosos.jpeg\",\"keywords\":[\"Anomal\u00edas clim\u00e1ticas\",\"Curiosidades geof\u00edsicas\",\"Descubrimientos cient\u00edficos inesperados\",\"Eventos meteorol\u00f3gicos inusuales\",\"Extra\u00f1os sucesos naturales\",\"Fen\u00f3menos naturales curiosos\",\"Hallazgos cient\u00edficos sorprendentes\",\"Misterios de la naturaleza\",\"Raros fen\u00f3menos atmosf\u00e9ricos\"],\"articleSection\":[\"Curiosidades\"],\"inLanguage\":\"pt-BR\"},{\"@type\":\"WebPage\",\"@id\":\"http:\/\/innovation4world.com\/los-fenomenos-naturales-mas-extranos-registrados-en-los-ultimos-anos\/\",\"url\":\"http:\/\/innovation4world.com\/los-fenomenos-naturales-mas-extranos-registrados-en-los-ultimos-anos\/\",\"name\":\"Los fen\u00f3menos naturales m\u00e1s extra\u00f1os registrados en los \u00faltimos a\u00f1os\",\"isPartOf\":{\"@id\":\"https:\/\/innovation4world.com\/en\/#website\"},\"primaryImageOfPage\":{\"@id\":\"http:\/\/innovation4world.com\/los-fenomenos-naturales-mas-extranos-registrados-en-los-ultimos-anos\/#primaryimage\"},\"image\":{\"@id\":\"http:\/\/innovation4world.com\/los-fenomenos-naturales-mas-extranos-registrados-en-los-ultimos-anos\/#primaryimage\"},\"thumbnailUrl\":\"http:\/\/innovation4world.com\/wp-content\/uploads\/sites\/76\/2025\/12\/fenomenos-naturales-curiosos.jpeg\",\"datePublished\":\"2025-12-05T07:54:00+00:00\",\"dateModified\":\"2025-11-29T00:51:42+00:00\",\"description\":\"Descubre los fen\u00f3menos naturales curiosos que han sorprendido al mundo en los \u00faltimos a\u00f1os. Una lista de los eventos m\u00e1s asombrosos.\",\"breadcrumb\":{\"@id\":\"http:\/\/innovation4world.com\/los-fenomenos-naturales-mas-extranos-registrados-en-los-ultimos-anos\/#breadcrumb\"},\"inLanguage\":\"pt-BR\",\"potentialAction\":[{\"@type\":\"ReadAction\",\"target\":[\"http:\/\/innovation4world.com\/los-fenomenos-naturales-mas-extranos-registrados-en-los-ultimos-anos\/\"]}]},{\"@type\":\"ImageObject\",\"inLanguage\":\"pt-BR\",\"@id\":\"http:\/\/innovation4world.com\/los-fenomenos-naturales-mas-extranos-registrados-en-los-ultimos-anos\/#primaryimage\",\"url\":\"http:\/\/innovation4world.com\/wp-content\/uploads\/sites\/76\/2025\/12\/fenomenos-naturales-curiosos.jpeg\",\"contentUrl\":\"http:\/\/innovation4world.com\/wp-content\/uploads\/sites\/76\/2025\/12\/fenomenos-naturales-curiosos.jpeg\",\"width\":960,\"height\":768,\"caption\":\"fen\u00f3menos naturales curiosos\"},{\"@type\":\"BreadcrumbList\",\"@id\":\"http:\/\/innovation4world.com\/los-fenomenos-naturales-mas-extranos-registrados-en-los-ultimos-anos\/#breadcrumb\",\"itemListElement\":[{\"@type\":\"ListItem\",\"position\":1,\"name\":\"Home\",\"item\":\"https:\/\/innovation4world.com\/en\/\"},{\"@type\":\"ListItem\",\"position\":2,\"name\":\"Los fen\u00f3menos naturales m\u00e1s extra\u00f1os registrados en los \u00faltimos a\u00f1os\"}]},{\"@type\":\"WebSite\",\"@id\":\"https:\/\/innovation4world.com\/en\/#website\",\"url\":\"https:\/\/innovation4world.com\/en\/\",\"name\":\"innovation4world\",\"description\":\"\",\"publisher\":{\"@id\":\"https:\/\/innovation4world.com\/en\/#organization\"},\"potentialAction\":[{\"@type\":\"SearchAction\",\"target\":{\"@type\":\"EntryPoint\",\"urlTemplate\":\"https:\/\/innovation4world.com\/en\/?s={search_term_string}\"},\"query-input\":\"required name=search_term_string\"}],\"inLanguage\":\"pt-BR\"},{\"@type\":\"Organization\",\"@id\":\"https:\/\/innovation4world.com\/en\/#organization\",\"name\":\"innovation4world\",\"url\":\"https:\/\/innovation4world.com\/en\/\",\"logo\":{\"@type\":\"ImageObject\",\"inLanguage\":\"pt-BR\",\"@id\":\"https:\/\/innovation4world.com\/en\/#\/schema\/logo\/image\/\",\"url\":\"http:\/\/innovation4world.com\/wp-content\/uploads\/sites\/76\/2024\/05\/cropped-cropped-4-word-1.png\",\"contentUrl\":\"http:\/\/innovation4world.com\/wp-content\/uploads\/sites\/76\/2024\/05\/cropped-cropped-4-word-1.png\",\"width\":412,\"height\":417,\"caption\":\"innovation4world\"},\"image\":{\"@id\":\"https:\/\/innovation4world.com\/en\/#\/schema\/logo\/image\/\"}},{\"@type\":\"Person\",\"@id\":\"https:\/\/innovation4world.com\/en\/#\/schema\/person\/00089a223ef6bc638e65578e97bf669d\",\"name\":\"Publishing Team\",\"image\":{\"@type\":\"ImageObject\",\"inLanguage\":\"pt-BR\",\"@id\":\"https:\/\/innovation4world.com\/en\/#\/schema\/person\/image\/\",\"url\":\"http:\/\/2.gravatar.com\/avatar\/e5551cbd08ddeea8a3d8a11989e927c5?s=96&d=mm&r=g\",\"contentUrl\":\"http:\/\/2.gravatar.com\/avatar\/e5551cbd08ddeea8a3d8a11989e927c5?s=96&d=mm&r=g\",\"caption\":\"Publishing Team\"},\"description\":\"Publishing Team AV believes that good content is born from attention and sensitivity. Our focus is to understand what people truly need and transform that into clear, useful texts that feel close to the reader. We are a team that values listening, learning, and honest communication. We work with care in every detail, always aiming to deliver material that makes a real difference in the daily life of those who read it.\",\"url\":\"http:\/\/innovation4world.com\/pt\/author\/publishing\/\"}]}<\/script>\n<!-- \/ Yoast SEO Premium plugin. -->","yoast_head_json":{"title":"Los fen\u00f3menos naturales m\u00e1s extra\u00f1os registrados en los \u00faltimos a\u00f1os","description":"Descubre los fen\u00f3menos naturales curiosos que han sorprendido al mundo en los \u00faltimos a\u00f1os. Una lista de los eventos m\u00e1s asombrosos.","robots":{"index":"index","follow":"follow","max-snippet":"max-snippet:-1","max-image-preview":"max-image-preview:large","max-video-preview":"max-video-preview:-1"},"canonical":"http:\/\/innovation4world.com\/pt\/los-fenomenos-naturales-mas-extranos-registrados-en-los-ultimos-anos\/","og_locale":"pt_BR","og_type":"article","og_title":"Los fen\u00f3menos naturales m\u00e1s extra\u00f1os registrados en los \u00faltimos a\u00f1os","og_description":"Descubre los fen\u00f3menos naturales curiosos que han sorprendido al mundo en los \u00faltimos a\u00f1os. Una lista de los eventos m\u00e1s asombrosos.","og_url":"http:\/\/innovation4world.com\/pt\/los-fenomenos-naturales-mas-extranos-registrados-en-los-ultimos-anos\/","og_site_name":"innovation4world","article_published_time":"2025-12-05T07:54:00+00:00","article_modified_time":"2025-11-29T00:51:42+00:00","og_image":[{"width":960,"height":768,"url":"http:\/\/innovation4world.com\/wp-content\/uploads\/sites\/76\/2025\/12\/fenomenos-naturales-curiosos.jpeg","type":"image\/jpeg"}],"author":"Publishing Team","twitter_card":"summary_large_image","twitter_misc":{"Written by":"Publishing Team","Est. reading time":"15 minutos"},"schema":{"@context":"https:\/\/schema.org","@graph":[{"@type":"Article","@id":"http:\/\/innovation4world.com\/los-fenomenos-naturales-mas-extranos-registrados-en-los-ultimos-anos\/#article","isPartOf":{"@id":"http:\/\/innovation4world.com\/los-fenomenos-naturales-mas-extranos-registrados-en-los-ultimos-anos\/"},"author":{"name":"Publishing Team","@id":"https:\/\/innovation4world.com\/en\/#\/schema\/person\/00089a223ef6bc638e65578e97bf669d"},"headline":"Los fen\u00f3menos naturales m\u00e1s extra\u00f1os registrados en los \u00faltimos a\u00f1os","datePublished":"2025-12-05T07:54:00+00:00","dateModified":"2025-11-29T00:51:42+00:00","mainEntityOfPage":{"@id":"http:\/\/innovation4world.com\/los-fenomenos-naturales-mas-extranos-registrados-en-los-ultimos-anos\/"},"wordCount":3374,"publisher":{"@id":"https:\/\/innovation4world.com\/en\/#organization"},"image":{"@id":"http:\/\/innovation4world.com\/los-fenomenos-naturales-mas-extranos-registrados-en-los-ultimos-anos\/#primaryimage"},"thumbnailUrl":"http:\/\/innovation4world.com\/wp-content\/uploads\/sites\/76\/2025\/12\/fenomenos-naturales-curiosos.jpeg","keywords":["Anomal\u00edas clim\u00e1ticas","Curiosidades geof\u00edsicas","Descubrimientos cient\u00edficos inesperados","Eventos meteorol\u00f3gicos inusuales","Extra\u00f1os sucesos naturales","Fen\u00f3menos naturales curiosos","Hallazgos cient\u00edficos sorprendentes","Misterios de la naturaleza","Raros fen\u00f3menos atmosf\u00e9ricos"],"articleSection":["Curiosidades"],"inLanguage":"pt-BR"},{"@type":"WebPage","@id":"http:\/\/innovation4world.com\/los-fenomenos-naturales-mas-extranos-registrados-en-los-ultimos-anos\/","url":"http:\/\/innovation4world.com\/los-fenomenos-naturales-mas-extranos-registrados-en-los-ultimos-anos\/","name":"Los fen\u00f3menos naturales m\u00e1s extra\u00f1os registrados en los \u00faltimos a\u00f1os","isPartOf":{"@id":"https:\/\/innovation4world.com\/en\/#website"},"primaryImageOfPage":{"@id":"http:\/\/innovation4world.com\/los-fenomenos-naturales-mas-extranos-registrados-en-los-ultimos-anos\/#primaryimage"},"image":{"@id":"http:\/\/innovation4world.com\/los-fenomenos-naturales-mas-extranos-registrados-en-los-ultimos-anos\/#primaryimage"},"thumbnailUrl":"http:\/\/innovation4world.com\/wp-content\/uploads\/sites\/76\/2025\/12\/fenomenos-naturales-curiosos.jpeg","datePublished":"2025-12-05T07:54:00+00:00","dateModified":"2025-11-29T00:51:42+00:00","description":"Descubre los fen\u00f3menos naturales curiosos que han sorprendido al mundo en los \u00faltimos a\u00f1os. Una lista de los eventos m\u00e1s asombrosos.","breadcrumb":{"@id":"http:\/\/innovation4world.com\/los-fenomenos-naturales-mas-extranos-registrados-en-los-ultimos-anos\/#breadcrumb"},"inLanguage":"pt-BR","potentialAction":[{"@type":"ReadAction","target":["http:\/\/innovation4world.com\/los-fenomenos-naturales-mas-extranos-registrados-en-los-ultimos-anos\/"]}]},{"@type":"ImageObject","inLanguage":"pt-BR","@id":"http:\/\/innovation4world.com\/los-fenomenos-naturales-mas-extranos-registrados-en-los-ultimos-anos\/#primaryimage","url":"http:\/\/innovation4world.com\/wp-content\/uploads\/sites\/76\/2025\/12\/fenomenos-naturales-curiosos.jpeg","contentUrl":"http:\/\/innovation4world.com\/wp-content\/uploads\/sites\/76\/2025\/12\/fenomenos-naturales-curiosos.jpeg","width":960,"height":768,"caption":"fen\u00f3menos naturales curiosos"},{"@type":"BreadcrumbList","@id":"http:\/\/innovation4world.com\/los-fenomenos-naturales-mas-extranos-registrados-en-los-ultimos-anos\/#breadcrumb","itemListElement":[{"@type":"ListItem","position":1,"name":"Home","item":"https:\/\/innovation4world.com\/en\/"},{"@type":"ListItem","position":2,"name":"Los fen\u00f3menos naturales m\u00e1s extra\u00f1os registrados en los \u00faltimos a\u00f1os"}]},{"@type":"WebSite","@id":"https:\/\/innovation4world.com\/en\/#website","url":"https:\/\/innovation4world.com\/en\/","name":"innovation4world","description":"","publisher":{"@id":"https:\/\/innovation4world.com\/en\/#organization"},"potentialAction":[{"@type":"SearchAction","target":{"@type":"EntryPoint","urlTemplate":"https:\/\/innovation4world.com\/en\/?s={search_term_string}"},"query-input":"required name=search_term_string"}],"inLanguage":"pt-BR"},{"@type":"Organization","@id":"https:\/\/innovation4world.com\/en\/#organization","name":"innovation4world","url":"https:\/\/innovation4world.com\/en\/","logo":{"@type":"ImageObject","inLanguage":"pt-BR","@id":"https:\/\/innovation4world.com\/en\/#\/schema\/logo\/image\/","url":"http:\/\/innovation4world.com\/wp-content\/uploads\/sites\/76\/2024\/05\/cropped-cropped-4-word-1.png","contentUrl":"http:\/\/innovation4world.com\/wp-content\/uploads\/sites\/76\/2024\/05\/cropped-cropped-4-word-1.png","width":412,"height":417,"caption":"innovation4world"},"image":{"@id":"https:\/\/innovation4world.com\/en\/#\/schema\/logo\/image\/"}},{"@type":"Person","@id":"https:\/\/innovation4world.com\/en\/#\/schema\/person\/00089a223ef6bc638e65578e97bf669d","name":"Publishing Team","image":{"@type":"ImageObject","inLanguage":"pt-BR","@id":"https:\/\/innovation4world.com\/en\/#\/schema\/person\/image\/","url":"http:\/\/2.gravatar.com\/avatar\/e5551cbd08ddeea8a3d8a11989e927c5?s=96&d=mm&r=g","contentUrl":"http:\/\/2.gravatar.com\/avatar\/e5551cbd08ddeea8a3d8a11989e927c5?s=96&d=mm&r=g","caption":"Publishing Team"},"description":"Publishing Team AV believes that good content is born from attention and sensitivity. Our focus is to understand what people truly need and transform that into clear, useful texts that feel close to the reader. We are a team that values listening, learning, and honest communication. We work with care in every detail, always aiming to deliver material that makes a real difference in the daily life of those who read it.","url":"http:\/\/innovation4world.com\/pt\/author\/publishing\/"}]}},"_links":{"self":[{"href":"http:\/\/innovation4world.com\/pt\/wp-json\/wp\/v2\/posts\/17144"}],"collection":[{"href":"http:\/\/innovation4world.com\/pt\/wp-json\/wp\/v2\/posts"}],"about":[{"href":"http:\/\/innovation4world.com\/pt\/wp-json\/wp\/v2\/types\/post"}],"author":[{"embeddable":true,"href":"http:\/\/innovation4world.com\/pt\/wp-json\/wp\/v2\/users\/50"}],"replies":[{"embeddable":true,"href":"http:\/\/innovation4world.com\/pt\/wp-json\/wp\/v2\/comments?post=17144"}],"version-history":[{"count":3,"href":"http:\/\/innovation4world.com\/pt\/wp-json\/wp\/v2\/posts\/17144\/revisions"}],"predecessor-version":[{"id":17162,"href":"http:\/\/innovation4world.com\/pt\/wp-json\/wp\/v2\/posts\/17144\/revisions\/17162"}],"wp:featuredmedia":[{"embeddable":true,"href":"http:\/\/innovation4world.com\/pt\/wp-json\/wp\/v2\/media\/17145"}],"wp:attachment":[{"href":"http:\/\/innovation4world.com\/pt\/wp-json\/wp\/v2\/media?parent=17144"}],"wp:term":[{"taxonomy":"category","embeddable":true,"href":"http:\/\/innovation4world.com\/pt\/wp-json\/wp\/v2\/categories?post=17144"},{"taxonomy":"post_tag","embeddable":true,"href":"http:\/\/innovation4world.com\/pt\/wp-json\/wp\/v2\/tags?post=17144"}],"curies":[{"name":"wp","href":"https:\/\/api.w.org\/{rel}","templated":true}]}}