    {"id":11335,"date":"2023-06-19T18:18:30","date_gmt":"2023-06-19T18:18:30","guid":{"rendered":"https:\/\/viajantenet.com\/?p=6439"},"modified":"2025-05-28T11:50:03","modified_gmt":"2025-05-28T11:50:03","slug":"o-que-levar-na-mala-de-viagem-2","status":"publish","type":"post","link":"http:\/\/innovation4world.com\/pt\/o-que-levar-na-mala-de-viagem-2\/","title":{"rendered":"O que levar na mala quando viajar: coisas essenciais"},"content":{"rendered":"<p class=\"has-medium-font-size\"><strong>Voc\u00ea tem d\u00favidas sobre o que fazer em uma bad trip? Normal! Leia o texto e veja quais pe\u00e7as de roupa n\u00e3o podem faltar!<\/strong><\/p>\n\n\n\n<p>Em uma viagem dos sonhos a dois, voc\u00ea tem um dilema na hora de guardar a sua viagem ruim? Definir o que vestir ou n\u00e3o pode ser mais dif\u00edcil do que escolher um hotel.&nbsp;<\/p>\n\n\n\n<figure class=\"wp-block-image size-full is-style-default\"><img decoding=\"async\" src=\"http:\/\/innovation4world.com\/wp-content\/uploads\/sites\/76\/2023\/06\/AnyConv.com__o-que-levar-na-mala-de-viagem.webp\" alt=\"o que levar na mala de viagem\" class=\"wp-image-6440\" \/><\/figure>\n\n\n\n<p>Voc\u00ea tamb\u00e9m tem essa dificuldade?&nbsp;<\/p>\n\n\n\n<p>Calma! A fada madrinha dois chegaram caixeiros viajantes (ser\u00e1 que n\u00e3o podemos mais nos chamar assim?)<\/p>\n\n\n\n<p>Sem texto em folha, voc\u00ea descobrir\u00e1 alguns <strong>Pe\u00e7as de roupa que n\u00e3o podemos faltar nas bad trips.&nbsp;<\/strong><\/p>\n\n\n\n<p>Dessa forma, voc\u00ea organiza sua viagem com mais efici\u00eancia e funcionalidade, e viaja com mais tranquilidade sabendo que fez as escolhas certas.<\/p>\n\n\n\n<p>Ent\u00e3o, n\u00e3o pare de conferir!&nbsp;<\/p>\n\n\n\n<h2 class=\"wp-block-heading\"><strong>O que vestir em viagens: roupas que n\u00e3o cabem l\u00e1 fora<\/strong><\/h2>\n\n\n\n<figure class=\"wp-block-image size-large is-style-default\"><img decoding=\"async\" src=\"http:\/\/innovation4world.com\/wp-content\/uploads\/sites\/76\/2023\/06\/AnyConv.com__O-que-levar-na-mala-de-viagem-1-1024x576.webp\" alt=\"\" class=\"wp-image-6443\" \/><\/figure>\n\n\n\n<p>Na hora de preparar seu filho para uma viagem, \u00e9 fundamental incluir roupas personalizadas para garantir conforto e versatilidade em diversas situa\u00e7\u00f5es.&nbsp;<\/p>\n\n\n\n<p>Aqui est\u00e3o algumas pe\u00e7as de roupa que n\u00e3o devem faltar na sua bagagem, al\u00e9m de informa\u00e7\u00f5es \u00fateis sobre cada uma delas.<\/p>\n\n\n\n<h2 class=\"wp-block-heading\"><strong>1. Roupas \u00edntimas<\/strong><\/h2>\n\n\n\n<p>Voc\u00ea pensa em arrumar roupas \u00edntimas para uma viagem? Embora possa parecer estranho, \u00e9 uma situa\u00e7\u00e3o muito comum.&nbsp;<\/p>\n\n\n\n<p>Como sempre deixamos essas pessoas separadas por \u00faltimo, acabamos tentando coloc\u00e1-las no lugar errado.<\/p>\n\n\n\n<p>Tenha roupa \u00edntima em quantidade suficiente para a dura\u00e7\u00e3o da viagem.&nbsp;<\/p>\n\n\n\n<p>Estes tecidos respir\u00e1veis \u200b\u200be confort\u00e1veis \u200b\u200bproporcionam uma sensa\u00e7\u00e3o agrad\u00e1vel durante todo o dia.<\/p>\n\n\n\n<h2 class=\"wp-block-heading\"><strong>2. Camisetas b\u00e1sicas<\/strong><\/h2>\n\n\n\n<p>As camisetas b\u00e1sicas s\u00e3o verdadeiramente coringas e podem ser usadas em diversas ocasi\u00f5es.&nbsp;<\/p>\n\n\n\n<p>Opte por modelos com cores neutras, pois s\u00e3o mais f\u00e1ceis de combinar com outras pe\u00e7as de roupa.<\/p>\n\n\n\n<p>Evite roupas sujas em destinos mais escuros, pois as roupas escuras possuem maior absor\u00e7\u00e3o.&nbsp;<\/p>\n\n\n\n<p>Voc\u00ea tamb\u00e9m pode deix\u00e1-lo um pouco mais desconfort\u00e1vel em rela\u00e7\u00e3o \u00e0 temperatura ambiente.&nbsp;<\/p>\n\n\n\n<h2 class=\"wp-block-heading\"><strong>3. <\/strong><strong>O que vestir em uma viagem ruim?<\/strong><strong> Meias ou shorts&nbsp;<\/strong><\/h2>\n\n\n\n<p>Adapte a sua escolha de meias ou cal\u00e7\u00f5es ao clima do seu destino. Esteja preparado para shorts quentes, leves e confort\u00e1veis.&nbsp;<\/p>\n\n\n\n<p>Se for um local com temperaturas mais agrad\u00e1veis, opte por meias que possam ser combinadas com diferentes tops.<\/p>\n\n\n\n<p>\u00c9 importante verificar se h\u00e1 muitos insetos n\u00e3o locais, se voc\u00ea tem alergia \u00e9 importante usar sempre cal\u00e7ados, mas opte por op\u00e7\u00f5es com tecidos leves e resistentes.&nbsp;<\/p>\n\n\n\n<p>N\u00e3o use esse tipo de roupa, ou use apenas vestidos ou saias, n\u00e3o deixe de usar um shortinho confort\u00e1vel para usar por baixo para se sentir mais confiante e tranquila.<\/p>\n\n\n\n<h2 class=\"wp-block-heading\"><strong>4. Blusas largas ou de manga comprida<\/strong><\/h2>\n\n\n\n<p>Independentemente do clima, \u00e9 sempre \u00fatil ter blusas mais largas ou de mangas compridas para se proteger do sol, do frio ou de insetos.&nbsp;<\/p>\n\n\n\n<p>Opte por tecidos leves e respir\u00e1veis, como algod\u00e3o ou linho.<\/p>\n\n\n\n<p>Se voc\u00ea estiver viajando para destinos ou \u00e9pocas do ano, \u00e9 fundamental usar roupas ruins e com prote\u00e7\u00e3o UV.&nbsp;<\/p>\n\n\n<div class=\"wp-block-lazyblock-botoes-cta lazyblock-botoes-cta-ZwhJLH\"><style>\n\n.wp-block-lazyblock-botoes-cta{\n  display: flex;\n  justify-content: center;\n  align-content: center;\n  margin: 2rem 0;\n  max-width: 900px;\n}\n.botoes-cta a {\n  text-decoration: none;\n}\n\n.botoes-cta div:last-child a\n{\n\tcolor: #fff;\n\ttext-decoration: none;\n}\n\n.botoes-cta div:last-child .btn_ref\n{\n\tborder: 3px solid #f1f1f1;\n\tborder-radius: 80px;\n\tpadding: 0 5px;\n\theight: 28px;\n\tjustify-content: center;\n\talign-items: center;\n\twidth: 32px;\nheight: 32px;\npadding: 15px 15px;\n}\n\n.botoes-cta div:last-child\n{\n\tcolor: white;\nbackground-color: darkorange;\n}\n.botoes-cta div a\n{\n\tcolor: #ffff;\n\theight: 45px;\n    display: flex;\n    justify-content: center;\n    align-items: center;\n}\n\n.botoes-cta\n{\n\tdisplay: flex;\n\tflex-direction: column;\n\twidth: 100%;\n}\n\n.botoes-cta div:last-child\n{\n\tcolor: white;\n\t\/*background-image: linear-gradient(to right, #0693e3, #058fdd, #038ad7, #0286d2, #0082cc);*\/\n}\n\n.button-row-teste a img\n{\n\tdisplay: flex;\n}\n\n.button-row-teste::after\n{\n\tcontent: '';\n\tcolor: white;\n}\n\n.button-row-teste\n{\nbackground-color: darkorange;\ndisplay: flex;\n\tjustify-content: space-between;\n\talign-items: center;\n\tpadding-right: 5px;\n\tborder-radius: 5px;\n\twidth: 100%;\n\theight: auto;\n\tmargin-bottom: 10px;\n\tpadding: 4px 4px 4px 4px;\n\ttext-align: center;\n}\n\n.btn-cta-loop\n{\n\twidth: 100%;\n}\n\n.btn_ref\n{\n\tborder: 3px solid #fff;\n\tborder-radius: 80px;\n\tpadding: 0 5px;\n\theight: 32px;\n\twidth: 32px;\n\tfont-size: 28px;\n\tpadding: 0.75em;\n}\n\n@media(max-width:800px)\n{\n\t.button-row-teste a\n    {\n\t\tcolor: #0693e3;\n\t}\n\n\t.button-row-teste\n    {\n\t    width: 100%;\n\t    min-height: 50px;\n\t\theight:auto;\n\t\tmargin-bottom: 10px;\n\t\tpadding: 4px 4px 4px 4px;\n\t\ttext-align: center;\n\t}\n\n    .btn-cta-loop\n    {\n\t\twidth: 100%;\n\t}\n}\n\n<\/style>\n\n\n<div class=\"botoes-cta\"style=\"width:100%\">\n  <a class=\"tc-btn\" href=\"https:\/\/viajantenet.com\/dicas-para-se-proteger-do-sol-durante-suas-viagens\/\">\n  <div class=\"button-row-teste\">\n      <a class=\"tc-btn btn-cta-loop\" href=\"https:\/\/viajantenet.com\/dicas-para-se-proteger-do-sol-durante-suas-viagens\/\">Dicas para se proteger do sol durante viagens<\/a>\n     <a class=\"tc-btn btn_ref\" style=\"display: flex;justify-content: center;align-items: center;\" href=\"https:\/\/viajantenet.com\/dicas-para-se-proteger-do-sol-durante-suas-viagens\/\">\u2794<\/a>\n <\/div>\n <\/a>\n<\/div>\n\n\n<\/div>\n\n\n<h2 class=\"wp-block-heading\"><strong>5. <\/strong><strong>O que vestir em uma viagem ruim?<\/strong><strong> Agasalho<\/strong><\/h2>\n\n\n\n<p>Mesmo viajando para um destino quente, \u00e9 aconselh\u00e1vel tomar um leve agasalho.&nbsp;<\/p>\n\n\n\n<p>Portanto, as noites podem ser frescas ou os ambientes com ar condicionado podem ser mais frios do que o esperado.<\/p>\n\n\n\n<p>Por isso, vale aquele conselho universal de todos: nada de esbo\u00e7o ou agasalho, menino!<\/p>\n\n\n\n<h2 class=\"wp-block-heading\"><strong>6. Roupas de banheiro<\/strong><\/h2>\n\n\n\n<figure class=\"wp-block-image size-full is-style-default\"><img decoding=\"async\" src=\"http:\/\/innovation4world.com\/wp-content\/uploads\/sites\/76\/2023\/06\/AnyConv.com__Roupas-de-banho.webp\" alt=\"O que levar na mala de viagem: roupas de banho\" class=\"wp-image-6441\" \/><\/figure>\n\n\n\n<p>Se tiver a possibilidade de nadar, use um fato de banho adequado. Escolha uma garota, um biqu\u00edni ou um mai\u00f4 que seja confort\u00e1vel e \u00f3timo.&nbsp;<\/p>\n\n\n\n<p>\u00c9 muito importante arrecadar uma certa quantia para os dias que pretende passar fora.&nbsp;<\/p>\n\n\n\n<p>Alguns itens de banheiro podem demorar um pouco mais para secar completamente, por isso podemos usar um pano mais grosso.&nbsp;<\/p>\n\n\n\n<h2 class=\"wp-block-heading\"><strong>7. <\/strong><strong>O que vestir em uma viagem ruim?<\/strong><strong> Roupas formais ou elegantes<\/strong><\/h2>\n\n\n\n<p>Se voc\u00ea tem planos de visitar lugares que exigem um dress code mais formal, inclua alguns itens adaptados, como vestido ou terno.&nbsp;<\/p>\n\n\n\n<p>Esteja preparado para ocasi\u00f5es especiais e desfrute de momentos mais sofisticados durante sua viagem.<\/p>\n\n\n\n<p>Al\u00e9m disso, \u00e9 uma \u00f3tima sugest\u00e3o para planejar uma viagem mais rom\u00e2ntica durante uma viagem, mesmo que n\u00e3o seja em uma viagem a dois.&nbsp;<\/p>\n\n\n\n<p>\u00c9 muito interessante aproveitar o destino de diferentes maneiras.&nbsp;<\/p>\n\n\n\n<h2 class=\"wp-block-heading\"><strong>8. Roupas confort\u00e1veis para dormir<\/strong><\/h2>\n\n\n\n<p>explorar <a href=\"https:\/\/viajantenet.com\/melhores0destinos-para-conhecer-em-marco\/\" target=\"_blank\" rel=\"noreferrer noopener\">destinos tur\u00edsticos<\/a>, nada mais c\u00f4modo do que tomar banho e vestir roupas confort\u00e1veis para descansar.&nbsp;<\/p>\n\n\n\n<p>Sendo assim, na hora de decidir <strong>O que vestir em uma viagem ruim<\/strong>, n\u00e3o deixe de vestir o pijama mais confort\u00e1vel.&nbsp;<\/p>\n\n\n\n<h2 class=\"wp-block-heading\"><strong>9. Roupas para atividades esportivas<\/strong><\/h2>\n\n\n\n<p>Se voc\u00ea planeja praticar atividades esportivas durante a viagem, como caminhar ou correr, \u00e9 fundamental usar roupas e cal\u00e7ados adequados.<\/p>\n\n\n\n<p>Escolha cal\u00e7ados de gin\u00e1stica, camisetas esportivas e t\u00eanis confort\u00e1veis \u200b\u200bpara garantir liberdade de movimentos e desempenho adequado.<\/p>\n\n\n\n<h2 class=\"wp-block-heading\"><strong>10. Acess\u00f3rios e itens extras<\/strong><\/h2>\n\n\n\n<figure class=\"wp-block-image size-full is-style-default\"><img decoding=\"async\" src=\"http:\/\/innovation4world.com\/wp-content\/uploads\/sites\/76\/2023\/06\/AnyConv.com__acessorios-1-1.webp\" alt=\"\" class=\"wp-image-6442\" \/><\/figure>\n\n\n\n<p>Al\u00e9m das roupas essenciais, alguns acess\u00f3rios podem deixar tudo diferente durante a sua viagem.&nbsp;<\/p>\n\n\n\n<p>Proteja-se dos raios solares com um chap\u00e9u estiloso e \u00f3culos de sol estilosos, por exemplo.<\/p>\n\n\n\n<p>Um cinto vers\u00e1til pode ser usado para completar diferentes looks.&nbsp;<\/p>\n\n\n\n<p>Len\u00e7os ou len\u00e7os podem dar estilo e tamb\u00e9m ser\u00e3o usados \u200b\u200bpara se proteger do frio ou como cobertura adicional em locais religiosos.&nbsp;<\/p>\n\n\n\n<p>Considere tamb\u00e9m levar uma capa de chuva compacta ou capa de chuva em caso de condi\u00e7\u00f5es clim\u00e1ticas imprevistas.&nbsp;<\/p>\n\n\n\n<hr class=\"wp-block-separator has-alpha-channel-opacity\" \/>\n\n\n\n<p>Agora voc\u00ea est\u00e1 equipado com uma lista completa de <strong>O que vestir em uma viagem ruim<\/strong>, escolha seu pr\u00f3ximo destino e m\u00e3os \u00e0 obra!&nbsp;<\/p>\n\n\n\n<p>N\u00e3o se esque\u00e7a de adaptar sua sele\u00e7\u00e3o de roupas ao clima e \u00e0s atividades que voc\u00ea planeja participar.&nbsp;<\/p>\n\n\n\n<p>Caso contr\u00e1rio, opte por pe\u00e7as vers\u00e1teis e que possam ser facilmente combinadas para criar looks diferentes.&nbsp;<\/p>\n\n\n\n<p>Assim, voc\u00ea aproveitar\u00e1 sua viagem com estilo, conforto e confian\u00e7a!<\/p>\n\n\n<div class=\"wp-block-lazyblock-botoes-cta lazyblock-botoes-cta-17MDiG\"><style>\n\n.wp-block-lazyblock-botoes-cta{\n  display: flex;\n  justify-content: center;\n  align-content: center;\n  margin: 2rem 0;\n  max-width: 900px;\n}\n.botoes-cta a {\n  text-decoration: none;\n}\n\n.botoes-cta div:last-child a\n{\n\tcolor: #fff;\n\ttext-decoration: none;\n}\n\n.botoes-cta div:last-child .btn_ref\n{\n\tborder: 3px solid #f1f1f1;\n\tborder-radius: 80px;\n\tpadding: 0 5px;\n\theight: 28px;\n\tjustify-content: center;\n\talign-items: center;\n\twidth: 32px;\nheight: 32px;\npadding: 15px 15px;\n}\n\n.botoes-cta div:last-child\n{\n\tcolor: white;\nbackground-color: darkorange;\n}\n.botoes-cta div a\n{\n\tcolor: #ffff;\n\theight: 45px;\n    display: flex;\n    justify-content: center;\n    align-items: center;\n}\n\n.botoes-cta\n{\n\tdisplay: flex;\n\tflex-direction: column;\n\twidth: 100%;\n}\n\n.botoes-cta div:last-child\n{\n\tcolor: white;\n\t\/*background-image: linear-gradient(to right, #0693e3, #058fdd, #038ad7, #0286d2, #0082cc);*\/\n}\n\n.button-row-teste a img\n{\n\tdisplay: flex;\n}\n\n.button-row-teste::after\n{\n\tcontent: '';\n\tcolor: white;\n}\n\n.button-row-teste\n{\nbackground-color: darkorange;\ndisplay: flex;\n\tjustify-content: space-between;\n\talign-items: center;\n\tpadding-right: 5px;\n\tborder-radius: 5px;\n\twidth: 100%;\n\theight: auto;\n\tmargin-bottom: 10px;\n\tpadding: 4px 4px 4px 4px;\n\ttext-align: center;\n}\n\n.btn-cta-loop\n{\n\twidth: 100%;\n}\n\n.btn_ref\n{\n\tborder: 3px solid #fff;\n\tborder-radius: 80px;\n\tpadding: 0 5px;\n\theight: 32px;\n\twidth: 32px;\n\tfont-size: 28px;\n\tpadding: 0.75em;\n}\n\n@media(max-width:800px)\n{\n\t.button-row-teste a\n    {\n\t\tcolor: #0693e3;\n\t}\n\n\t.button-row-teste\n    {\n\t    width: 100%;\n\t    min-height: 50px;\n\t\theight:auto;\n\t\tmargin-bottom: 10px;\n\t\tpadding: 4px 4px 4px 4px;\n\t\ttext-align: center;\n\t}\n\n    .btn-cta-loop\n    {\n\t\twidth: 100%;\n\t}\n}\n\n<\/style>\n\n\n<div class=\"botoes-cta\"style=\"width:100%\">\n  <a class=\"tc-btn\" href=\"https:\/\/viajantenet.com\/como-organizar-uma-mala-de-viagem\/\">\n  <div class=\"button-row-teste\">\n      <a class=\"tc-btn btn-cta-loop\" href=\"https:\/\/viajantenet.com\/como-organizar-uma-mala-de-viagem\/\">Como organizar um vaigem mala?<\/a>\n     <a class=\"tc-btn btn_ref\" style=\"display: flex;justify-content: center;align-items: center;\" href=\"https:\/\/viajantenet.com\/como-organizar-uma-mala-de-viagem\/\">\u2794<\/a>\n <\/div>\n <\/a>\n<\/div>\n\n\n<\/div>","protected":false},"excerpt":{"rendered":"<p>Na d\u00favida sobre o que levar na mala de viagem? Normal! Leia o texto e veja quais pe\u00e7as de roupa n\u00e3o podem faltar! A viagem dos sonhos chegou e voc\u00ea est\u00e1 num dilema para arrumar sua mala? Definir o que levar ou n\u00e3o na mala pode ser mais dif\u00edcil do que escolher um hotel.&nbsp; Tamb\u00e9m [&hellip;]<\/p>","protected":false},"author":75,"featured_media":7635,"comment_status":"closed","ping_status":"closed","sticky":false,"template":"","format":"standard","meta":{"footnotes":""},"categories":[515],"tags":[],"yoast_head":"<!-- This site is optimized with the Yoast SEO Premium plugin v18.7 (Yoast SEO v23.3) - https:\/\/yoast.com\/wordpress\/plugins\/seo\/ -->\n<title>O que levar na mala de viagem: pe\u00e7as que s\u00e3o indispens\u00e1veis - innovation4world<\/title>\n<meta name=\"description\" content=\"Na d\u00favida sobre o que levar na mala de viagem? Normal! Leia o texto e veja quais pe\u00e7as de roupa n\u00e3o podem faltar!\" \/>\n<meta name=\"robots\" content=\"index, follow, max-snippet:-1, max-image-preview:large, max-video-preview:-1\" \/>\n<link rel=\"canonical\" href=\"http:\/\/innovation4world.com\/pt\/o-que-levar-na-mala-de-viagem-2\/\" \/>\n<meta property=\"og:locale\" content=\"pt_BR\" \/>\n<meta property=\"og:type\" content=\"article\" \/>\n<meta property=\"og:title\" content=\"O que levar na mala de viagem: pe\u00e7as que s\u00e3o indispens\u00e1veis\" \/>\n<meta property=\"og:description\" content=\"Na d\u00favida sobre o que levar na mala de viagem? Normal! Leia o texto e veja quais pe\u00e7as de roupa n\u00e3o podem faltar!\" \/>\n<meta property=\"og:url\" content=\"http:\/\/innovation4world.com\/pt\/o-que-levar-na-mala-de-viagem-2\/\" \/>\n<meta property=\"og:site_name\" content=\"innovation4world\" \/>\n<meta property=\"article:published_time\" content=\"2023-06-19T18:18:30+00:00\" \/>\n<meta property=\"article:modified_time\" content=\"2025-05-28T11:50:03+00:00\" \/>\n<meta property=\"og:image\" content=\"https:\/\/innovation4world.com\/wp-content\/uploads\/sites\/76\/2023\/06\/O-que-levar-na-mala-de-viagem-pecas-que-nao-podem-ficar-de-fora-1170x650-1.png\" \/>\n\t<meta property=\"og:image:width\" content=\"1170\" \/>\n\t<meta property=\"og:image:height\" content=\"650\" \/>\n\t<meta property=\"og:image:type\" content=\"image\/png\" \/>\n<meta name=\"author\" content=\"Scott\" \/>\n<meta name=\"twitter:card\" content=\"summary_large_image\" \/>\n<meta name=\"twitter:label1\" content=\"Written by\" \/>\n\t<meta name=\"twitter:data1\" content=\"Scott\" \/>\n\t<meta name=\"twitter:label2\" content=\"Est. reading time\" \/>\n\t<meta name=\"twitter:data2\" content=\"6 minutos\" \/>\n<script type=\"application\/ld+json\" class=\"yoast-schema-graph\">{\"@context\":\"https:\/\/schema.org\",\"@graph\":[{\"@type\":\"Article\",\"@id\":\"https:\/\/innovation4world.com\/o-que-levar-na-mala-de-viagem-2\/#article\",\"isPartOf\":{\"@id\":\"https:\/\/innovation4world.com\/o-que-levar-na-mala-de-viagem-2\/\"},\"author\":{\"name\":\"Scott\",\"@id\":\"https:\/\/innovation4world.com\/en\/#\/schema\/person\/282d7106b5048172e4dc5931b8d7074c\"},\"headline\":\"O que levar na mala de viagem: pe\u00e7as que s\u00e3o indispens\u00e1veis\",\"datePublished\":\"2023-06-19T18:18:30+00:00\",\"dateModified\":\"2025-05-28T11:50:03+00:00\",\"mainEntityOfPage\":{\"@id\":\"https:\/\/innovation4world.com\/o-que-levar-na-mala-de-viagem-2\/\"},\"wordCount\":1024,\"publisher\":{\"@id\":\"https:\/\/innovation4world.com\/en\/#organization\"},\"image\":{\"@id\":\"https:\/\/innovation4world.com\/o-que-levar-na-mala-de-viagem-2\/#primaryimage\"},\"thumbnailUrl\":\"http:\/\/innovation4world.com\/wp-content\/uploads\/sites\/76\/2023\/06\/O-que-levar-na-mala-de-viagem-pecas-que-nao-podem-ficar-de-fora-1170x650-1.png\",\"articleSection\":[\"Hidden\"],\"inLanguage\":\"pt-BR\"},{\"@type\":\"WebPage\",\"@id\":\"https:\/\/innovation4world.com\/o-que-levar-na-mala-de-viagem-2\/\",\"url\":\"https:\/\/innovation4world.com\/o-que-levar-na-mala-de-viagem-2\/\",\"name\":\"O que levar na mala de viagem: pe\u00e7as que s\u00e3o indispens\u00e1veis - innovation4world\",\"isPartOf\":{\"@id\":\"https:\/\/innovation4world.com\/en\/#website\"},\"primaryImageOfPage\":{\"@id\":\"https:\/\/innovation4world.com\/o-que-levar-na-mala-de-viagem-2\/#primaryimage\"},\"image\":{\"@id\":\"https:\/\/innovation4world.com\/o-que-levar-na-mala-de-viagem-2\/#primaryimage\"},\"thumbnailUrl\":\"http:\/\/innovation4world.com\/wp-content\/uploads\/sites\/76\/2023\/06\/O-que-levar-na-mala-de-viagem-pecas-que-nao-podem-ficar-de-fora-1170x650-1.png\",\"datePublished\":\"2023-06-19T18:18:30+00:00\",\"dateModified\":\"2025-05-28T11:50:03+00:00\",\"description\":\"Na d\u00favida sobre o que levar na mala de viagem? Normal! Leia o texto e veja quais pe\u00e7as de roupa n\u00e3o podem faltar!\",\"breadcrumb\":{\"@id\":\"https:\/\/innovation4world.com\/o-que-levar-na-mala-de-viagem-2\/#breadcrumb\"},\"inLanguage\":\"pt-BR\",\"potentialAction\":[{\"@type\":\"ReadAction\",\"target\":[\"https:\/\/innovation4world.com\/o-que-levar-na-mala-de-viagem-2\/\"]}]},{\"@type\":\"ImageObject\",\"inLanguage\":\"pt-BR\",\"@id\":\"https:\/\/innovation4world.com\/o-que-levar-na-mala-de-viagem-2\/#primaryimage\",\"url\":\"http:\/\/innovation4world.com\/wp-content\/uploads\/sites\/76\/2023\/06\/O-que-levar-na-mala-de-viagem-pecas-que-nao-podem-ficar-de-fora-1170x650-1.png\",\"contentUrl\":\"http:\/\/innovation4world.com\/wp-content\/uploads\/sites\/76\/2023\/06\/O-que-levar-na-mala-de-viagem-pecas-que-nao-podem-ficar-de-fora-1170x650-1.png\",\"width\":1170,\"height\":650},{\"@type\":\"BreadcrumbList\",\"@id\":\"https:\/\/innovation4world.com\/o-que-levar-na-mala-de-viagem-2\/#breadcrumb\",\"itemListElement\":[{\"@type\":\"ListItem\",\"position\":1,\"name\":\"Home\",\"item\":\"https:\/\/innovation4world.com\/en\/\"},{\"@type\":\"ListItem\",\"position\":2,\"name\":\"O que levar na mala de viagem: pe\u00e7as que s\u00e3o indispens\u00e1veis\"}]},{\"@type\":\"WebSite\",\"@id\":\"https:\/\/innovation4world.com\/en\/#website\",\"url\":\"https:\/\/innovation4world.com\/en\/\",\"name\":\"innovation4world\",\"description\":\"\",\"publisher\":{\"@id\":\"https:\/\/innovation4world.com\/en\/#organization\"},\"potentialAction\":[{\"@type\":\"SearchAction\",\"target\":{\"@type\":\"EntryPoint\",\"urlTemplate\":\"https:\/\/innovation4world.com\/en\/?s={search_term_string}\"},\"query-input\":\"required name=search_term_string\"}],\"inLanguage\":\"pt-BR\"},{\"@type\":\"Organization\",\"@id\":\"https:\/\/innovation4world.com\/en\/#organization\",\"name\":\"innovation4world\",\"url\":\"https:\/\/innovation4world.com\/en\/\",\"logo\":{\"@type\":\"ImageObject\",\"inLanguage\":\"pt-BR\",\"@id\":\"https:\/\/innovation4world.com\/en\/#\/schema\/logo\/image\/\",\"url\":\"http:\/\/innovation4world.com\/wp-content\/uploads\/sites\/76\/2024\/05\/cropped-cropped-4-word-1.png\",\"contentUrl\":\"http:\/\/innovation4world.com\/wp-content\/uploads\/sites\/76\/2024\/05\/cropped-cropped-4-word-1.png\",\"width\":412,\"height\":417,\"caption\":\"innovation4world\"},\"image\":{\"@id\":\"https:\/\/innovation4world.com\/en\/#\/schema\/logo\/image\/\"}},{\"@type\":\"Person\",\"@id\":\"https:\/\/innovation4world.com\/en\/#\/schema\/person\/282d7106b5048172e4dc5931b8d7074c\",\"name\":\"Scott\",\"image\":{\"@type\":\"ImageObject\",\"inLanguage\":\"pt-BR\",\"@id\":\"https:\/\/innovation4world.com\/en\/#\/schema\/person\/image\/\",\"url\":\"http:\/\/0.gravatar.com\/avatar\/6632287fd409afb982b7c8b871d503aa?s=96&d=mm&r=g\",\"contentUrl\":\"http:\/\/0.gravatar.com\/avatar\/6632287fd409afb982b7c8b871d503aa?s=96&d=mm&r=g\",\"caption\":\"Scott\"},\"description\":\"Market Research Professional &amp; Chief Editor at Blink Media \u2713 Leading content strategy and editorial direction for digital platforms \u2713 Conducting market analysis to identify trends and audience preferences \u2713 Optimizing digital content for maximum engagement and SEO performance\",\"url\":\"http:\/\/innovation4world.com\/pt\/author\/tiago\/\"}]}<\/script>\n<!-- \/ Yoast SEO Premium plugin. -->","yoast_head_json":{"title":"O que levar na mala de viagem: pe\u00e7as que s\u00e3o indispens\u00e1veis - innovation4world","description":"Na d\u00favida sobre o que levar na mala de viagem? Normal! Leia o texto e veja quais pe\u00e7as de roupa n\u00e3o podem faltar!","robots":{"index":"index","follow":"follow","max-snippet":"max-snippet:-1","max-image-preview":"max-image-preview:large","max-video-preview":"max-video-preview:-1"},"canonical":"http:\/\/innovation4world.com\/pt\/o-que-levar-na-mala-de-viagem-2\/","og_locale":"pt_BR","og_type":"article","og_title":"O que levar na mala de viagem: pe\u00e7as que s\u00e3o indispens\u00e1veis","og_description":"Na d\u00favida sobre o que levar na mala de viagem? Normal! Leia o texto e veja quais pe\u00e7as de roupa n\u00e3o podem faltar!","og_url":"http:\/\/innovation4world.com\/pt\/o-que-levar-na-mala-de-viagem-2\/","og_site_name":"innovation4world","article_published_time":"2023-06-19T18:18:30+00:00","article_modified_time":"2025-05-28T11:50:03+00:00","og_image":[{"width":1170,"height":650,"url":"https:\/\/innovation4world.com\/wp-content\/uploads\/sites\/76\/2023\/06\/O-que-levar-na-mala-de-viagem-pecas-que-nao-podem-ficar-de-fora-1170x650-1.png","type":"image\/png"}],"author":"Scott","twitter_card":"summary_large_image","twitter_misc":{"Written by":"Scott","Est. reading time":"6 minutos"},"schema":{"@context":"https:\/\/schema.org","@graph":[{"@type":"Article","@id":"https:\/\/innovation4world.com\/o-que-levar-na-mala-de-viagem-2\/#article","isPartOf":{"@id":"https:\/\/innovation4world.com\/o-que-levar-na-mala-de-viagem-2\/"},"author":{"name":"Scott","@id":"https:\/\/innovation4world.com\/en\/#\/schema\/person\/282d7106b5048172e4dc5931b8d7074c"},"headline":"O que levar na mala de viagem: pe\u00e7as que s\u00e3o indispens\u00e1veis","datePublished":"2023-06-19T18:18:30+00:00","dateModified":"2025-05-28T11:50:03+00:00","mainEntityOfPage":{"@id":"https:\/\/innovation4world.com\/o-que-levar-na-mala-de-viagem-2\/"},"wordCount":1024,"publisher":{"@id":"https:\/\/innovation4world.com\/en\/#organization"},"image":{"@id":"https:\/\/innovation4world.com\/o-que-levar-na-mala-de-viagem-2\/#primaryimage"},"thumbnailUrl":"http:\/\/innovation4world.com\/wp-content\/uploads\/sites\/76\/2023\/06\/O-que-levar-na-mala-de-viagem-pecas-que-nao-podem-ficar-de-fora-1170x650-1.png","articleSection":["Hidden"],"inLanguage":"pt-BR"},{"@type":"WebPage","@id":"https:\/\/innovation4world.com\/o-que-levar-na-mala-de-viagem-2\/","url":"https:\/\/innovation4world.com\/o-que-levar-na-mala-de-viagem-2\/","name":"O que levar na mala de viagem: pe\u00e7as que s\u00e3o indispens\u00e1veis - innovation4world","isPartOf":{"@id":"https:\/\/innovation4world.com\/en\/#website"},"primaryImageOfPage":{"@id":"https:\/\/innovation4world.com\/o-que-levar-na-mala-de-viagem-2\/#primaryimage"},"image":{"@id":"https:\/\/innovation4world.com\/o-que-levar-na-mala-de-viagem-2\/#primaryimage"},"thumbnailUrl":"http:\/\/innovation4world.com\/wp-content\/uploads\/sites\/76\/2023\/06\/O-que-levar-na-mala-de-viagem-pecas-que-nao-podem-ficar-de-fora-1170x650-1.png","datePublished":"2023-06-19T18:18:30+00:00","dateModified":"2025-05-28T11:50:03+00:00","description":"Na d\u00favida sobre o que levar na mala de viagem? Normal! Leia o texto e veja quais pe\u00e7as de roupa n\u00e3o podem faltar!","breadcrumb":{"@id":"https:\/\/innovation4world.com\/o-que-levar-na-mala-de-viagem-2\/#breadcrumb"},"inLanguage":"pt-BR","potentialAction":[{"@type":"ReadAction","target":["https:\/\/innovation4world.com\/o-que-levar-na-mala-de-viagem-2\/"]}]},{"@type":"ImageObject","inLanguage":"pt-BR","@id":"https:\/\/innovation4world.com\/o-que-levar-na-mala-de-viagem-2\/#primaryimage","url":"http:\/\/innovation4world.com\/wp-content\/uploads\/sites\/76\/2023\/06\/O-que-levar-na-mala-de-viagem-pecas-que-nao-podem-ficar-de-fora-1170x650-1.png","contentUrl":"http:\/\/innovation4world.com\/wp-content\/uploads\/sites\/76\/2023\/06\/O-que-levar-na-mala-de-viagem-pecas-que-nao-podem-ficar-de-fora-1170x650-1.png","width":1170,"height":650},{"@type":"BreadcrumbList","@id":"https:\/\/innovation4world.com\/o-que-levar-na-mala-de-viagem-2\/#breadcrumb","itemListElement":[{"@type":"ListItem","position":1,"name":"Home","item":"https:\/\/innovation4world.com\/en\/"},{"@type":"ListItem","position":2,"name":"O que levar na mala de viagem: pe\u00e7as que s\u00e3o indispens\u00e1veis"}]},{"@type":"WebSite","@id":"https:\/\/innovation4world.com\/en\/#website","url":"https:\/\/innovation4world.com\/en\/","name":"innovation4world","description":"","publisher":{"@id":"https:\/\/innovation4world.com\/en\/#organization"},"potentialAction":[{"@type":"SearchAction","target":{"@type":"EntryPoint","urlTemplate":"https:\/\/innovation4world.com\/en\/?s={search_term_string}"},"query-input":"required name=search_term_string"}],"inLanguage":"pt-BR"},{"@type":"Organization","@id":"https:\/\/innovation4world.com\/en\/#organization","name":"innovation4world","url":"https:\/\/innovation4world.com\/en\/","logo":{"@type":"ImageObject","inLanguage":"pt-BR","@id":"https:\/\/innovation4world.com\/en\/#\/schema\/logo\/image\/","url":"http:\/\/innovation4world.com\/wp-content\/uploads\/sites\/76\/2024\/05\/cropped-cropped-4-word-1.png","contentUrl":"http:\/\/innovation4world.com\/wp-content\/uploads\/sites\/76\/2024\/05\/cropped-cropped-4-word-1.png","width":412,"height":417,"caption":"innovation4world"},"image":{"@id":"https:\/\/innovation4world.com\/en\/#\/schema\/logo\/image\/"}},{"@type":"Person","@id":"https:\/\/innovation4world.com\/en\/#\/schema\/person\/282d7106b5048172e4dc5931b8d7074c","name":"Scott","image":{"@type":"ImageObject","inLanguage":"pt-BR","@id":"https:\/\/innovation4world.com\/en\/#\/schema\/person\/image\/","url":"http:\/\/0.gravatar.com\/avatar\/6632287fd409afb982b7c8b871d503aa?s=96&d=mm&r=g","contentUrl":"http:\/\/0.gravatar.com\/avatar\/6632287fd409afb982b7c8b871d503aa?s=96&d=mm&r=g","caption":"Scott"},"description":"Market Research Professional &amp; Chief Editor at Blink Media \u2713 Leading content strategy and editorial direction for digital platforms \u2713 Conducting market analysis to identify trends and audience preferences \u2713 Optimizing digital content for maximum engagement and SEO performance","url":"http:\/\/innovation4world.com\/pt\/author\/tiago\/"}]}},"_links":{"self":[{"href":"http:\/\/innovation4world.com\/pt\/wp-json\/wp\/v2\/posts\/11335"}],"collection":[{"href":"http:\/\/innovation4world.com\/pt\/wp-json\/wp\/v2\/posts"}],"about":[{"href":"http:\/\/innovation4world.com\/pt\/wp-json\/wp\/v2\/types\/post"}],"author":[{"embeddable":true,"href":"http:\/\/innovation4world.com\/pt\/wp-json\/wp\/v2\/users\/75"}],"replies":[{"embeddable":true,"href":"http:\/\/innovation4world.com\/pt\/wp-json\/wp\/v2\/comments?post=11335"}],"version-history":[{"count":1,"href":"http:\/\/innovation4world.com\/pt\/wp-json\/wp\/v2\/posts\/11335\/revisions"}],"predecessor-version":[{"id":16383,"href":"http:\/\/innovation4world.com\/pt\/wp-json\/wp\/v2\/posts\/11335\/revisions\/16383"}],"wp:featuredmedia":[{"embeddable":true,"href":"http:\/\/innovation4world.com\/pt\/wp-json\/wp\/v2\/media\/7635"}],"wp:attachment":[{"href":"http:\/\/innovation4world.com\/pt\/wp-json\/wp\/v2\/media?parent=11335"}],"wp:term":[{"taxonomy":"category","embeddable":true,"href":"http:\/\/innovation4world.com\/pt\/wp-json\/wp\/v2\/categories?post=11335"},{"taxonomy":"post_tag","embeddable":true,"href":"http:\/\/innovation4world.com\/pt\/wp-json\/wp\/v2\/tags?post=11335"}],"curies":[{"name":"wp","href":"https:\/\/api.w.org\/{rel}","templated":true}]}}